{"id":35643,"date":"2021-08-01T14:38:00","date_gmt":"2021-08-01T19:38:00","guid":{"rendered":"http:\/\/www.inter-accion.com.mx\/?p=35643"},"modified":"2021-08-01T14:38:00","modified_gmt":"2021-08-01T19:38:00","slug":"35643","status":"publish","type":"post","link":"https:\/\/www.interaccionnoticias.com.mx\/?p=35643","title":{"rendered":"Para agosto se aplicar\u00e1 el incremento salarial para trabajadores: To\u00f1o Gaspar"},"content":{"rendered":"\n<p><strong><em>&#8211; Adem\u00e1s el municipio cumplir\u00e1 con el pago de la prima vacacional y retroactivo, gracias a la gesti\u00f3n ante el Gobierno del Estado<\/em><\/strong><\/p>\n\n\n\n<p><strong>Chilpancingo, Guerrero, a 01 de agosto de 2021.- <\/strong>En cumplimiento a los preceptos que la Ley establece hacia la base trabajadora, el gobierno de Chilpancingo, que preside el alcalde Antonio Gaspar Beltr\u00e1n, pagar\u00e1 el incremento salarial, retroactivo y prima vacacional correspondientes a los tres mil trabajadores del Ayuntamiento capitalino.<\/p>\n\n\n\n<p>El primer edil dio a conocer que, despu\u00e9s de gestionar ante el Gobierno del Estado recursos por el orden de 10 millones de pesos, se cumplir\u00e1 con lo que la ley otorga, a partir del pr\u00f3ximo 15 de agosto del presente a\u00f1o.<\/p>\n\n\n\n<p>Gaspar Beltr\u00e1n coment\u00f3 que los bonos que solicitan los trabajadores, son un incentivos a la productividad que se enfrentan con recursos propios; sin embargo, estos se redujeron en un 70 por ciento debido a la contingencia sanitaria por COVID-19: \u201cpor lo que iniciamos las gestiones correspondientes para poder cumplir con dichos bonos para los trabajadores\u00bb, dijo el alcalde.<\/p>\n\n\n\n<p>El mun\u00edcipe puntualiz\u00f3 que atendiendo las recomendaciones del ejecutivo del estado, se extendi\u00f3 el periodo vacacional, el cual inici\u00f3 el 16 de julio al 09 de agosto, para las \u00e1reas administrativas: \u201cy si el sem\u00e1foro epidemiol\u00f3gico requiere que se alargue el periodo de aislamiento, as\u00ed lo haremos, porque para nosotros la prioridad es cuidar la salud de los trabajadores municipales\u00bb, agreg\u00f3.<\/p>\n\n\n\n<p>Finalmente, coment\u00f3 que su gobierno no propiciar\u00e1 la movilidad social, y trabajar\u00e1n con el ejemplo, evitando acciones que impliquen aglomeraciones que pongan en riesgo la salud de la ciudadan\u00eda.<\/p>\n","protected":false},"excerpt":{"rendered":"<p>&#8211; Adem\u00e1s el municipio cumplir\u00e1 con el pago de la prima vacacional y retroactivo, gracias a la gesti\u00f3n ante el Gobierno del Estado Chilpancingo, Guerrero, a 01 de agosto de&hellip; <\/p>\n","protected":false},"author":1,"featured_media":35561,"comment_status":"open","ping_status":"open","sticky":false,"template":"","format":"standard","meta":{"fifu_image_url":"","fifu_image_alt":"","footnotes":""},"categories":[13],"tags":[],"class_list":["post-35643","post","type-post","status-publish","format-standard","has-post-thumbnail","hentry","category-capital"],"_links":{"self":[{"href":"https:\/\/www.interaccionnoticias.com.mx\/index.php?rest_route=\/wp\/v2\/posts\/35643","targetHints":{"allow":["GET"]}}],"collection":[{"href":"https:\/\/www.interaccionnoticias.com.mx\/index.php?rest_route=\/wp\/v2\/posts"}],"about":[{"href":"https:\/\/www.interaccionnoticias.com.mx\/index.php?rest_route=\/wp\/v2\/types\/post"}],"author":[{"embeddable":true,"href":"https:\/\/www.interaccionnoticias.com.mx\/index.php?rest_route=\/wp\/v2\/users\/1"}],"replies":[{"embeddable":true,"href":"https:\/\/www.interaccionnoticias.com.mx\/index.php?rest_route=%2Fwp%2Fv2%2Fcomments&post=35643"}],"version-history":[{"count":0,"href":"https:\/\/www.interaccionnoticias.com.mx\/index.php?rest_route=\/wp\/v2\/posts\/35643\/revisions"}],"wp:featuredmedia":[{"embeddable":true,"href":"https:\/\/www.interaccionnoticias.com.mx\/index.php?rest_route=\/wp\/v2\/media\/35561"}],"wp:attachment":[{"href":"https:\/\/www.interaccionnoticias.com.mx\/index.php?rest_route=%2Fwp%2Fv2%2Fmedia&parent=35643"}],"wp:term":[{"taxonomy":"category","embeddable":true,"href":"https:\/\/www.interaccionnoticias.com.mx\/index.php?rest_route=%2Fwp%2Fv2%2Fcategories&post=35643"},{"taxonomy":"post_tag","embeddable":true,"href":"https:\/\/www.interaccionnoticias.com.mx\/index.php?rest_route=%2Fwp%2Fv2%2Ftags&post=35643"}],"curies":[{"name":"wp","href":"https:\/\/api.w.org\/{rel}","templated":true}]}}