{"id":35618,"date":"2021-07-30T19:55:00","date_gmt":"2021-07-31T00:55:00","guid":{"rendered":"http:\/\/www.inter-accion.com.mx\/?p=35618"},"modified":"2021-07-30T19:55:00","modified_gmt":"2021-07-31T00:55:00","slug":"35618","status":"publish","type":"post","link":"https:\/\/www.interaccionnoticias.com.mx\/?p=35618","title":{"rendered":"Se esperan lluvias fuertes y tormentas el\u00e9ctricas en las pr\u00f3ximas 72 horas"},"content":{"rendered":"\n<p><strong>Rosario Garc\u00eda Orozco<\/strong><\/p>\n\n\n\n<p><em><strong>Chilpancingo, Gro., 30 de julio del 2021.-<\/strong><\/em> Marco C\u00e9sar Mayares Salvador, secretario de Protecci\u00f3n Civil del gobierno del estado, inform\u00f3 que las lluvias torrenciales de este jueves y viernes no generaron da\u00f1os en viviendas o en carreteras, pero s\u00ed insisti\u00f3 en su llamado a la ciudadan\u00eda para evitar instalarse en lugares donde corren riesgos de inundaciones o derrumbes porque la temporada de ciclones no ha terminado.<\/p>\n\n\n\n<p>El funcionario estatal mencion\u00f3 que la temporada de huracanes y tormentas, que inici\u00f3 de manera formal para el Pac\u00edfico desde el 15 de mayo y el 1 junio para el Atl\u00e1ntico, contin\u00faa, por lo que se deben seguir tomando las medidas de prevenci\u00f3n, sobre todo para los m\u00e1s de 30 mil guerrerenses que viven en laderas inestables, en las cercan\u00edas de r\u00edos y barrancas, y que en cada lluvia pueden estar en riesgo.<\/p>\n\n\n\n<p>Explic\u00f3 que a pesar de que est\u00e9 presente la can\u00edcula con tempreaturas elevadas, \u201ctendremos entrada de humedad por parte del Pac\u00edfico derivado de dos sistemas de baja presi\u00f3n que est\u00e1n frente a Guerrero, pero m\u00e1s frente a Oaxaca y en este transcurso pues nos dejar\u00e1 lluvias el fin de semana\u201d.<\/p>\n\n\n\n<p>En las pr\u00f3ximas 72 horas se van a registrar \u201clluvias, mucho viento, mucha actividad el\u00e9ctrica en tiempos cortos pero muy agresivos, y en las partes altas relativamente caer\u00e1 granizo, relativamente y hasta cierto punto, pues es un tema normal\u201d.<\/p>\n\n\n\n<p>Record\u00f3 que los dos sistemas de baja presi\u00f3n, uno de ellos frente a Oaxaca, con un potencial cicl\u00f3nica en los pr\u00f3ximos 5 d\u00edas, \u201cpero nada que pudiera generar alguna condici\u00f3n de riesgo m\u00e1ximo\u201d.<\/p>\n\n\n\n<p>El funcionario estatal sostuvo que si es importante que hagamos caso de las recomendaciones de protecci\u00f3n civil, derivado de que estos temas puedan ser presentes en las pr\u00f3ximas 72 horas, \u201cinsisto en que tendremos tormentas locales y nuevamente mucha lluvia, mucho viento, mucha actividad el\u00e9ctrica en tiempos cortos y agresivos\u201d.<\/p>\n\n\n\n<p>Asegur\u00f3 que hasta el momento no han llegado reportes de da\u00f1os, \u201csolo algunas cuestiones de arrastre de material, pero no tenemos reporte de ning\u00fan da\u00f1o significativo en estos momentos, por las lluvias de jueves y viernes\u201d.<\/p>\n","protected":false},"excerpt":{"rendered":"<p>Rosario Garc\u00eda Orozco Chilpancingo, Gro., 30 de julio del 2021.- Marco C\u00e9sar Mayares Salvador, secretario de Protecci\u00f3n Civil del gobierno del estado, inform\u00f3 que las lluvias torrenciales de este jueves&hellip; <\/p>\n","protected":false},"author":1,"featured_media":35555,"comment_status":"open","ping_status":"open","sticky":false,"template":"","format":"standard","meta":{"fifu_image_url":"","fifu_image_alt":"","footnotes":""},"categories":[9],"tags":[],"class_list":["post-35618","post","type-post","status-publish","format-standard","has-post-thumbnail","hentry","category-fenomenos-naturales"],"_links":{"self":[{"href":"https:\/\/www.interaccionnoticias.com.mx\/index.php?rest_route=\/wp\/v2\/posts\/35618","targetHints":{"allow":["GET"]}}],"collection":[{"href":"https:\/\/www.interaccionnoticias.com.mx\/index.php?rest_route=\/wp\/v2\/posts"}],"about":[{"href":"https:\/\/www.interaccionnoticias.com.mx\/index.php?rest_route=\/wp\/v2\/types\/post"}],"author":[{"embeddable":true,"href":"https:\/\/www.interaccionnoticias.com.mx\/index.php?rest_route=\/wp\/v2\/users\/1"}],"replies":[{"embeddable":true,"href":"https:\/\/www.interaccionnoticias.com.mx\/index.php?rest_route=%2Fwp%2Fv2%2Fcomments&post=35618"}],"version-history":[{"count":0,"href":"https:\/\/www.interaccionnoticias.com.mx\/index.php?rest_route=\/wp\/v2\/posts\/35618\/revisions"}],"wp:featuredmedia":[{"embeddable":true,"href":"https:\/\/www.interaccionnoticias.com.mx\/index.php?rest_route=\/wp\/v2\/media\/35555"}],"wp:attachment":[{"href":"https:\/\/www.interaccionnoticias.com.mx\/index.php?rest_route=%2Fwp%2Fv2%2Fmedia&parent=35618"}],"wp:term":[{"taxonomy":"category","embeddable":true,"href":"https:\/\/www.interaccionnoticias.com.mx\/index.php?rest_route=%2Fwp%2Fv2%2Fcategories&post=35618"},{"taxonomy":"post_tag","embeddable":true,"href":"https:\/\/www.interaccionnoticias.com.mx\/index.php?rest_route=%2Fwp%2Fv2%2Ftags&post=35618"}],"curies":[{"name":"wp","href":"https:\/\/api.w.org\/{rel}","templated":true}]}}