{"id":35614,"date":"2021-07-30T19:50:00","date_gmt":"2021-07-31T00:50:00","guid":{"rendered":"http:\/\/www.inter-accion.com.mx\/?p=35614"},"modified":"2021-07-30T19:50:00","modified_gmt":"2021-07-31T00:50:00","slug":"35614","status":"publish","type":"post","link":"https:\/\/www.interaccionnoticias.com.mx\/?p=35614","title":{"rendered":"Cierran negocios en Ometepec, por alza en contagios de Covid-19"},"content":{"rendered":"\n<p><strong><em>&#8211; Se busca frenar casos de infectados y hospitalizados<\/em><\/strong><\/p>\n\n\n\n<p><strong>Javier Trujillo<\/strong><\/p>\n\n\n\n<p><strong>Acapulco, Gro.-<\/strong> Ante el r\u00e1pido crecimiento de nuevos casos de Covid-19, y fallecimientos en el municipio costero de Ometepec, se determin\u00f3 cerrar todos los negocios considerados de alto riesgo.<\/p>\n\n\n\n<p>\u00abAutom\u00e1ticamente cerrados los gimnasios, discotecas, bares y cantinas, acordama que todos los negocios no esenciales deber\u00e1n ser cerrados por 15 d\u00edas.<\/p>\n\n\n\n<p>\u00abLa finalidad es frenar el alto contagio que hay en Ometepec de Covid-19\u00bb, dijo el director de Protecci\u00f3n Civil de esta localidad en la regi\u00f3n de la Costa Chica, Carlos Mendoza A\u00f1orve.<\/p>\n\n\n\n<p>A la reuni\u00f3n, previa que se tuvo en las instalaciones de la jurisdicci\u00f3n sanitaria en Ometepec, donde estuvieron funcionarios de las diferentes instituciones del sector salud y del municipio.<\/p>\n\n\n\n<p>Ah\u00ed se lleg\u00f3 al acuerdo de que los negocios no escenciales deben permanecer cerrados durante los pr\u00f3ximos 15 d\u00edas para frenar el acelerado n\u00famero de contagio que hay en colonias y comunidades ind\u00edgenas de Ometepec.<\/p>\n\n\n\n<p>El funcionario municipal reiter\u00f3 que se han registrado m\u00e1s de 250 contagios del Coronavirus solamente en lo que va de est\u00e1 semana.<\/p>\n\n\n\n<p>Incluso coment\u00f3 que debido a la alta demanda de personas con s\u00edntomas se trasladaron el m\u00f3dulo de pruebas r\u00e1pidas del centro de salud, en la cancha deportiva del barrio de La Ermita.<\/p>\n\n\n\n<p>Mendoza A\u00f1orve, precis\u00f3 que negocios como gimnasios y los sitios d\u00f3nde expenden bebidas embriagantes se mantendr\u00e1n de cerrado, los pr\u00f3ximos 15 d\u00edas y ya fueron notificados, se indica.<\/p>\n","protected":false},"excerpt":{"rendered":"<p>&#8211; Se busca frenar casos de infectados y hospitalizados Javier Trujillo Acapulco, Gro.- Ante el r\u00e1pido crecimiento de nuevos casos de Covid-19, y fallecimientos en el municipio costero de Ometepec,&hellip; <\/p>\n","protected":false},"author":1,"featured_media":35554,"comment_status":"open","ping_status":"open","sticky":false,"template":"","format":"standard","meta":{"fifu_image_url":"","fifu_image_alt":"","footnotes":""},"categories":[3],"tags":[],"class_list":["post-35614","post","type-post","status-publish","format-standard","has-post-thumbnail","hentry","category-covid-19"],"_links":{"self":[{"href":"https:\/\/www.interaccionnoticias.com.mx\/index.php?rest_route=\/wp\/v2\/posts\/35614","targetHints":{"allow":["GET"]}}],"collection":[{"href":"https:\/\/www.interaccionnoticias.com.mx\/index.php?rest_route=\/wp\/v2\/posts"}],"about":[{"href":"https:\/\/www.interaccionnoticias.com.mx\/index.php?rest_route=\/wp\/v2\/types\/post"}],"author":[{"embeddable":true,"href":"https:\/\/www.interaccionnoticias.com.mx\/index.php?rest_route=\/wp\/v2\/users\/1"}],"replies":[{"embeddable":true,"href":"https:\/\/www.interaccionnoticias.com.mx\/index.php?rest_route=%2Fwp%2Fv2%2Fcomments&post=35614"}],"version-history":[{"count":0,"href":"https:\/\/www.interaccionnoticias.com.mx\/index.php?rest_route=\/wp\/v2\/posts\/35614\/revisions"}],"wp:featuredmedia":[{"embeddable":true,"href":"https:\/\/www.interaccionnoticias.com.mx\/index.php?rest_route=\/wp\/v2\/media\/35554"}],"wp:attachment":[{"href":"https:\/\/www.interaccionnoticias.com.mx\/index.php?rest_route=%2Fwp%2Fv2%2Fmedia&parent=35614"}],"wp:term":[{"taxonomy":"category","embeddable":true,"href":"https:\/\/www.interaccionnoticias.com.mx\/index.php?rest_route=%2Fwp%2Fv2%2Fcategories&post=35614"},{"taxonomy":"post_tag","embeddable":true,"href":"https:\/\/www.interaccionnoticias.com.mx\/index.php?rest_route=%2Fwp%2Fv2%2Ftags&post=35614"}],"curies":[{"name":"wp","href":"https:\/\/api.w.org\/{rel}","templated":true}]}}