{"id":35606,"date":"2021-07-30T18:14:00","date_gmt":"2021-07-30T23:14:00","guid":{"rendered":"http:\/\/www.inter-accion.com.mx\/?p=35606"},"modified":"2021-07-30T18:14:00","modified_gmt":"2021-07-30T23:14:00","slug":"35606","status":"publish","type":"post","link":"https:\/\/www.interaccionnoticias.com.mx\/?p=35606","title":{"rendered":"La activista ind\u00edgena, Martha S\u00e1nchez N\u00e9stor muri\u00f3 este viernes, v\u00edctima de Covid 19"},"content":{"rendered":"\n<p><strong>Rosario Garc\u00eda Orozco<\/strong><\/p>\n\n\n\n<p><strong><em>Chilpancingo, Gro., 30 de julio del 2021.-<\/em><\/strong> La feminista y activista ind\u00edgena Martha S\u00e1nchez N\u00e9stor muri\u00f3 durante la madrugada del viernes en Ometepec, a causa del Covid 19.<\/p>\n\n\n\n<p>Desde hace 4 d\u00edas, fue internada en el Hospital General de Ometepec, en la Costa Chica de Guerrero, debido a las complicaciones que presentaba en su salud, sobre todo por el bajo nivel de oxigenaci\u00f3n.<\/p>\n\n\n\n<p>De origen amuzgo, Martha S\u00e1nchez sali\u00f3 de su natal Xochistlahuaca a los 16 a\u00f1os para continuar sus estudios en el puerto de Acapulco, donde estudi\u00f3 un corto tiempo, pero tambi\u00e9n aprendi\u00f3 que hab\u00eda posibilidades de mejorar las condiciones de injusticia social en la que viven cientos de familias ind\u00edgenas, y decidi\u00f3 empezar a trabajar en su comunidad.<\/p>\n\n\n\n<p>Despu\u00e9s se fue a continuar sus estudios en Iguala, lo que le permiti\u00f3 contar con mayor experiencia e interactuar con l\u00edderes sociales que le dejaron la semilla de la lucha social.<\/p>\n\n\n\n<p>M\u00e1s tarde lleg\u00f3 a Chilpancingo, donde entr\u00f3 a trabajar en el Consejo Estatal Electoral; entonces conoci\u00f3 m\u00e1s detalles de la pol\u00edtica de Guerrero y el manejo de los partidos pol\u00edticos y su relaci\u00f3n con la problem\u00e1tica ind\u00edgena, que aseguraba, no era atendida por ninguno de los niveles de gobierno.<\/p>\n\n\n\n<p>En ese tiempo, entre 1992 y 1994 coincidi\u00f3 con mujeres activistas que se formaron en la lucha y la defensa de los derechos de las mujeres.<\/p>\n\n\n\n<p>Fue hasta 1994 cuando se incorpor\u00f3 al Consejo Guerrerense 500 a\u00f1os de Resistencia Ind\u00edgena, una organizaci\u00f3n que de manera directa apoy\u00f3 la creaci\u00f3n y gira por todo el pa\u00eds del Ej\u00e9rcito Zapatista de Liberaci\u00f3n Nacional, en donde Martha S\u00e1nchez realizaba actividades administrativas.<\/p>\n\n\n\n<p>Despu\u00e9s de tres a\u00f1os ya era parte de la Comisi\u00f3n de Mujeres del Consejo Guerrerense, y en el 2001 particip\u00f3 en la movilizaci\u00f3n para la aprobaci\u00f3n de la Ley de Derechos y Cultura Ind\u00edgena.<\/p>\n\n\n\n<p>Ese mismo a\u00f1o, al lado de su hermano Daniel, quien hoy es alcalde de Xochistlahuaca, Martha S\u00e1nchez N\u00e9stor exigi\u00f3 al Congreso del Estado la revocaci\u00f3n de mandato de Aciadeth Rocha Ram\u00edrez, a los pocos d\u00edas, la ex alcaldesa de ese municipio de la Costa Chica, pidi\u00f3 licencia ante esa instancia, presionada por la movilizaci\u00f3n de sus paisanos ind\u00edgenas.<\/p>\n\n\n\n<p>Martha S\u00e1nchez N\u00e9stor fue fundadora del Consejo de la Naci\u00f3n \u00d1e\u2019 cwii \u00f1\u2019oom A.C. y de la Cooperativa de Tejedoras \u201cFlores de la Tierra Amuzga\u201d. Tambi\u00e9n encabez\u00f3 la Coordinadora Nacional de Mujeres Ind\u00edgenas en la regi\u00f3n norte.<\/p>\n\n\n\n<p>Entre los reconocimientos a los que se hizo acreedora por su lucha por las mujeres y los ind\u00edgenas se encuentra que en 2016 y 2017 form\u00f3 parte de las 100 mujeres m\u00e1s poderosas de M\u00e9xico seg\u00fan la revista Forbes; y en 2011 la revista Proceso la incluy\u00f3 en su edici\u00f3n especial de Hero\u00ednas An\u00f3nimas.<\/p>\n\n\n\n<p>Hoy descansa en paz Martha S\u00e1nchez N\u00e9stor.<\/p>\n","protected":false},"excerpt":{"rendered":"<p>Rosario Garc\u00eda Orozco Chilpancingo, Gro., 30 de julio del 2021.- La feminista y activista ind\u00edgena Martha S\u00e1nchez N\u00e9stor muri\u00f3 durante la madrugada del viernes en Ometepec, a causa del Covid&hellip; <\/p>\n","protected":false},"author":1,"featured_media":35552,"comment_status":"open","ping_status":"open","sticky":false,"template":"","format":"standard","meta":{"fifu_image_url":"","fifu_image_alt":"","footnotes":""},"categories":[29],"tags":[],"class_list":["post-35606","post","type-post","status-publish","format-standard","has-post-thumbnail","hentry","category-sociedad"],"_links":{"self":[{"href":"https:\/\/www.interaccionnoticias.com.mx\/index.php?rest_route=\/wp\/v2\/posts\/35606","targetHints":{"allow":["GET"]}}],"collection":[{"href":"https:\/\/www.interaccionnoticias.com.mx\/index.php?rest_route=\/wp\/v2\/posts"}],"about":[{"href":"https:\/\/www.interaccionnoticias.com.mx\/index.php?rest_route=\/wp\/v2\/types\/post"}],"author":[{"embeddable":true,"href":"https:\/\/www.interaccionnoticias.com.mx\/index.php?rest_route=\/wp\/v2\/users\/1"}],"replies":[{"embeddable":true,"href":"https:\/\/www.interaccionnoticias.com.mx\/index.php?rest_route=%2Fwp%2Fv2%2Fcomments&post=35606"}],"version-history":[{"count":0,"href":"https:\/\/www.interaccionnoticias.com.mx\/index.php?rest_route=\/wp\/v2\/posts\/35606\/revisions"}],"wp:featuredmedia":[{"embeddable":true,"href":"https:\/\/www.interaccionnoticias.com.mx\/index.php?rest_route=\/wp\/v2\/media\/35552"}],"wp:attachment":[{"href":"https:\/\/www.interaccionnoticias.com.mx\/index.php?rest_route=%2Fwp%2Fv2%2Fmedia&parent=35606"}],"wp:term":[{"taxonomy":"category","embeddable":true,"href":"https:\/\/www.interaccionnoticias.com.mx\/index.php?rest_route=%2Fwp%2Fv2%2Fcategories&post=35606"},{"taxonomy":"post_tag","embeddable":true,"href":"https:\/\/www.interaccionnoticias.com.mx\/index.php?rest_route=%2Fwp%2Fv2%2Ftags&post=35606"}],"curies":[{"name":"wp","href":"https:\/\/api.w.org\/{rel}","templated":true}]}}