{"id":35594,"date":"2021-07-30T11:46:00","date_gmt":"2021-07-30T16:46:00","guid":{"rendered":"http:\/\/www.inter-accion.com.mx\/?p=35594"},"modified":"2021-07-30T11:46:00","modified_gmt":"2021-07-30T16:46:00","slug":"35594","status":"publish","type":"post","link":"https:\/\/www.interaccionnoticias.com.mx\/?p=35594","title":{"rendered":"Muere Martha S\u00e1nchez, activista ind\u00edgena de Covid-19"},"content":{"rendered":"\n<p><strong><em>&#8211; Esta madrugada en Ometepec<\/em><\/strong><\/p>\n\n\n\n<p><strong>Javier Trujillo<\/strong><\/p>\n\n\n\n<p><strong>Acapulco,\u00a0 Gro. &#8211;<\/strong> Esta madrugada falleci\u00f3 v\u00edctima de Covid-19, en el hospital de Ometepec, la activista por los derechos de las mujeres ind\u00edgenas en Guerrero, Martha S\u00e1nchez Nestor.<\/p>\n\n\n\n<p>El pasado mi\u00e9rcoles la defensora de los derechos ind\u00edgenas, ingres\u00f3 al hospital regional de Ometepec, a las 18 horas, ya iba delicada de salud.<\/p>\n\n\n\n<p>Originaria del municipio de Xochistlahuaca y Martha era hermana del alcalde de esa localidad ind\u00edgena, Daniel S\u00e1nchez Nestor, quien el pasado 26 de julio, hab\u00eda realizado un festejo que fue amenizado, por el grupo&nbsp; de Bert\u00edn G\u00f3mez y su condesa y Tlapehuala Show, evento al que no asisti\u00f3 la activista.<\/p>\n\n\n\n<p>Actualmente la regi\u00f3n de la Costa Chica en la entidad, es una de las zonas con un alto \u00edndice de contagios del virus del SAR-Co-V2, durante esta llamada tercera ola en la entidad.<\/p>\n\n\n\n<p>Al respecto, el gobernador de Guerrero, H\u00e9ctor Astudillo Flores, escribi\u00f3 en su cuenta oficial de Twitter.<\/p>\n\n\n\n<p>\u00abLamento mucho el fallecimiento de Martha S\u00e1nchez Nestor, guerrerense destacada por su labor a favor de los derechos humanos y de las mujeres especialmente de la comunidad ind\u00edgena. Envio mis condolencias a su familia por su lamentable p\u00e9rdida\u00bb.<\/p>\n\n\n\n<p>Se inform\u00f3 que S\u00e1nchez Nestor particip\u00f3 el pasado 5 de julio, en un conversatorio sobre la participaci\u00f3n de las mujeres en el pasado proceso electoral, en Punta Maldonado, municipio afroamexicano de Cuajinicuilapa.<\/p>\n\n\n\n<p>Cabe mencionar que Martha S\u00e1nchez fue integrante del Consejo Guerrerense 500 a\u00f1os de Resistencia Ind\u00edgena, la cual surgi\u00f3 en el a\u00f1o de 1992, exigiendo que se detuviera la construcci\u00f3n de una presa en la regi\u00f3n de la Monta\u00f1a.<\/p>\n","protected":false},"excerpt":{"rendered":"<p>&#8211; Esta madrugada en Ometepec Javier Trujillo Acapulco,\u00a0 Gro. &#8211; Esta madrugada falleci\u00f3 v\u00edctima de Covid-19, en el hospital de Ometepec, la activista por los derechos de las mujeres ind\u00edgenas&hellip; <\/p>\n","protected":false},"author":1,"featured_media":35549,"comment_status":"open","ping_status":"open","sticky":false,"template":"","format":"standard","meta":{"fifu_image_url":"","fifu_image_alt":"","footnotes":""},"categories":[29],"tags":[],"class_list":["post-35594","post","type-post","status-publish","format-standard","has-post-thumbnail","hentry","category-sociedad"],"_links":{"self":[{"href":"https:\/\/www.interaccionnoticias.com.mx\/index.php?rest_route=\/wp\/v2\/posts\/35594","targetHints":{"allow":["GET"]}}],"collection":[{"href":"https:\/\/www.interaccionnoticias.com.mx\/index.php?rest_route=\/wp\/v2\/posts"}],"about":[{"href":"https:\/\/www.interaccionnoticias.com.mx\/index.php?rest_route=\/wp\/v2\/types\/post"}],"author":[{"embeddable":true,"href":"https:\/\/www.interaccionnoticias.com.mx\/index.php?rest_route=\/wp\/v2\/users\/1"}],"replies":[{"embeddable":true,"href":"https:\/\/www.interaccionnoticias.com.mx\/index.php?rest_route=%2Fwp%2Fv2%2Fcomments&post=35594"}],"version-history":[{"count":0,"href":"https:\/\/www.interaccionnoticias.com.mx\/index.php?rest_route=\/wp\/v2\/posts\/35594\/revisions"}],"wp:featuredmedia":[{"embeddable":true,"href":"https:\/\/www.interaccionnoticias.com.mx\/index.php?rest_route=\/wp\/v2\/media\/35549"}],"wp:attachment":[{"href":"https:\/\/www.interaccionnoticias.com.mx\/index.php?rest_route=%2Fwp%2Fv2%2Fmedia&parent=35594"}],"wp:term":[{"taxonomy":"category","embeddable":true,"href":"https:\/\/www.interaccionnoticias.com.mx\/index.php?rest_route=%2Fwp%2Fv2%2Fcategories&post=35594"},{"taxonomy":"post_tag","embeddable":true,"href":"https:\/\/www.interaccionnoticias.com.mx\/index.php?rest_route=%2Fwp%2Fv2%2Ftags&post=35594"}],"curies":[{"name":"wp","href":"https:\/\/api.w.org\/{rel}","templated":true}]}}