{"id":35590,"date":"2021-07-29T18:47:00","date_gmt":"2021-07-29T23:47:00","guid":{"rendered":"http:\/\/www.inter-accion.com.mx\/?p=35590"},"modified":"2021-07-29T18:47:00","modified_gmt":"2021-07-29T23:47:00","slug":"35590","status":"publish","type":"post","link":"https:\/\/www.interaccionnoticias.com.mx\/?p=35590","title":{"rendered":"Vicepresidente del Congreso informa que es positivo a Covid-19, d\u00edas despu\u00e9s se presenta a sesi\u00f3n solemne"},"content":{"rendered":"\n<p><strong><em>&#8211; El 19 de julio, Mois\u00e9s Reyes confirm\u00f3 que ten\u00eda un diagn\u00f3stico positivo y que estar\u00eda en aislamiento<br>&#8211; El 29, sin confirmar si ya hab\u00eda superado al virus, el representante popular estuvo en la sesi\u00f3n, cerca de sus compa\u00f1eros y de invitados especiales<\/em><\/strong><\/p>\n\n\n\n<p><strong>Rogelio Agust\u00edn Esteban<\/strong><\/p>\n\n\n\n<p>El 19 de julio pasado, el diputado local por Morena, Mois\u00e9s Reyes Sandoval inform\u00f3 que hab\u00eda dado positivo a Covid-19 y que ten\u00eda una tos intensa, diez d\u00edas despu\u00e9s, sin dar a conocer su ya se hab\u00eda curado, estuvo en la sesi\u00f3n solemne que se realiz\u00f3 en la sala de Plenos del Congreso local, entre el gobernador H\u00e9ctor Astudillo Flores y su compa\u00f1era de bancada, Celeste Mora Eguiluz.<\/p>\n\n\n\n<p>La jornada del 19 de julio, en su muro de Facebook, el diputado Reyes Sandoval, quien actualmente ocupa la primera vicepresidencia en la Mesa Directiva del Congreso de Guerrero, public\u00f3 que hab\u00eda dado positivo a coronavirus.<\/p>\n\n\n\n<p>El mensaje que coloc\u00f3 fue el siguiente: \u201cAmigas y amigos, les quiero informar que hace una semana present\u00e9 s\u00edntomas de Covid 19, siendo diagnosticado positivo. Me encuentro con s\u00edntomas moderados y ya estoy siendo medicado y aislado, entender\u00e1n que no podr\u00e9 tomar llamadas, pero con gusto quien me escriba, voy a leer sus mensajes por este medio o por las redes sociales y mensajer\u00eda acostumbrada\u201d.<\/p>\n\n\n\n<p>Cerr\u00f3 con una recomendaci\u00f3n: \u201cCu\u00eddense mucho, de acuerdo a la informaci\u00f3n que me llega de liderazgos en las colonias, amigos y conocidos, m\u00e1s los que he obtenido de la prensa, considero que en Acapulco estamos con muy alto contagio. No dejen de usar las medidas y sobre todo el cubrebocas\u201d.<\/p>\n\n\n\n<p>La publicaci\u00f3n del representante popular, hasta la jornada del 29 de julio ten\u00eda 132 reacciones y 44 comentarios, adem\u00e1s de dos veces compartidas.<\/p>\n\n\n\n<p>Diez d\u00edas despu\u00e9s, sin notificar si ya se encuentra libre de carga viral, el representante popular estuvo en la sesi\u00f3n solemne que el Congreso local realiz\u00f3 este jueves 29 de julio, con la intenci\u00f3n de colocar en su muro de honor y con letras doradas, la leyenda \u201c2021, Bicentenario de la creaci\u00f3n de la Armado de M\u00e9xico\u201d<\/p>\n\n\n\n<p>Reyes Sandoval estuvo sentado en el espacio destinado para el primer vicepresidente en la Mesa Directiva del Congreso, teniendo colocado al lado izquierdo al gobernador H\u00e9ctor Astudillo Flores, quien acudi\u00f3 en calidad de invitado especial, como representante del Poder Ejecutivo local, mientras que a la derecha estuvo sentada la diputada Celeste Mora Eguiluz, quien funge como secretaria de la Mesa.<\/p>\n\n\n\n<p>En las gr\u00e1ficas que el propio legislador public\u00f3 en su p\u00e1gina de Facebook, Reyes Sandoval mostr\u00f3 algunas gr\u00e1ficas en las que aparece charlando con el gobernador del estado y en otras cerca de la presidenta de la Mesa Directiva, Eunice Monz\u00f3n Garc\u00eda.<\/p>\n\n\n\n<p>La semana pasada, adem\u00e1s de Reyes Sandoval se confirm\u00f3 que otros dos diputados hab\u00edan resultado con diagn\u00f3stico positivo de Covid-19, siendo estos la morenista Nilsan Hilario Mendoza, presidenta de la Comisi\u00f3n de Salud y Jorge Salgado Parra, quien actualmente ocupa la segunda vicepresidencia de la Mesa Directiva.<\/p>\n\n\n\n<p>Ni la morenista Hilario Mendoza ni el vicepresidente Salgado Parra se presentaron a la sesi\u00f3n, pues confirmaron que se encuentran en un periodo de aislamiento, para evitar ser factor de contagio.<\/p>\n","protected":false},"excerpt":{"rendered":"<p>&#8211; El 19 de julio, Mois\u00e9s Reyes confirm\u00f3 que ten\u00eda un diagn\u00f3stico positivo y que estar\u00eda en aislamiento&#8211; El 29, sin confirmar si ya hab\u00eda superado al virus, el representante&hellip; <\/p>\n","protected":false},"author":1,"featured_media":35548,"comment_status":"open","ping_status":"open","sticky":false,"template":"","format":"standard","meta":{"fifu_image_url":"","fifu_image_alt":"","footnotes":""},"categories":[3],"tags":[],"class_list":["post-35590","post","type-post","status-publish","format-standard","has-post-thumbnail","hentry","category-covid-19"],"_links":{"self":[{"href":"https:\/\/www.interaccionnoticias.com.mx\/index.php?rest_route=\/wp\/v2\/posts\/35590","targetHints":{"allow":["GET"]}}],"collection":[{"href":"https:\/\/www.interaccionnoticias.com.mx\/index.php?rest_route=\/wp\/v2\/posts"}],"about":[{"href":"https:\/\/www.interaccionnoticias.com.mx\/index.php?rest_route=\/wp\/v2\/types\/post"}],"author":[{"embeddable":true,"href":"https:\/\/www.interaccionnoticias.com.mx\/index.php?rest_route=\/wp\/v2\/users\/1"}],"replies":[{"embeddable":true,"href":"https:\/\/www.interaccionnoticias.com.mx\/index.php?rest_route=%2Fwp%2Fv2%2Fcomments&post=35590"}],"version-history":[{"count":0,"href":"https:\/\/www.interaccionnoticias.com.mx\/index.php?rest_route=\/wp\/v2\/posts\/35590\/revisions"}],"wp:featuredmedia":[{"embeddable":true,"href":"https:\/\/www.interaccionnoticias.com.mx\/index.php?rest_route=\/wp\/v2\/media\/35548"}],"wp:attachment":[{"href":"https:\/\/www.interaccionnoticias.com.mx\/index.php?rest_route=%2Fwp%2Fv2%2Fmedia&parent=35590"}],"wp:term":[{"taxonomy":"category","embeddable":true,"href":"https:\/\/www.interaccionnoticias.com.mx\/index.php?rest_route=%2Fwp%2Fv2%2Fcategories&post=35590"},{"taxonomy":"post_tag","embeddable":true,"href":"https:\/\/www.interaccionnoticias.com.mx\/index.php?rest_route=%2Fwp%2Fv2%2Ftags&post=35590"}],"curies":[{"name":"wp","href":"https:\/\/api.w.org\/{rel}","templated":true}]}}