{"id":35586,"date":"2021-07-29T17:49:00","date_gmt":"2021-07-29T22:49:00","guid":{"rendered":"http:\/\/www.inter-accion.com.mx\/?p=35586"},"modified":"2021-07-29T17:49:00","modified_gmt":"2021-07-29T22:49:00","slug":"35586","status":"publish","type":"post","link":"https:\/\/www.interaccionnoticias.com.mx\/?p=35586","title":{"rendered":"De nueva cuenta, Guerrero registra el mayor n\u00famero de personas infectadas de Covid 19 por d\u00eda"},"content":{"rendered":"\n<p><strong>Rosario Garc\u00eda Orozco<\/strong><\/p>\n\n\n\n<p><strong>Chilpancingo, Gro., 29 de julio del 2021.-<\/strong> El estado de Guerrero registr\u00f3 este jueves el n\u00famero m\u00e1s elevado de contagios de Covid 19, ya que alcanz\u00f3 732 contagios en las \u00faltimas 24 horas, inform\u00f3 el gobernador H\u00e9ctor Astudillo Flores, quien agreg\u00f3 que se empezar\u00e1 a aplicar la vacuna a todos los j\u00f3venes de 18 a 29 a\u00f1os de edad, al ser uno de los grupos vulnerables en esta etapa de la pandemia.<\/p>\n\n\n\n<p>En el marco de la tercer ola de contagios de Covid 19, el mandatario estatal anunci\u00f3 que del 3 al 10 de agosto se llevar\u00e1 a cabo en Acapulco la vacunaci\u00f3n para j\u00f3venes de 18 a 29 a\u00f1os de edad.<\/p>\n\n\n\n<p>Lament\u00f3 que el registro de nuevos casos sigue a la alza, de tal manera que este jueves se tiene el reporte de la cifra m\u00e1s elevada, 732 casos confirmados, por lo que pidi\u00f3 a la sociedad en generar seguirse cuidando \u201cy cuidar de la salud de la familia, \u201cp\u00f3nganse cubrebocas\u201d, insisti\u00f3.<\/p>\n\n\n\n<p>Por su parte, le secretarios de Salud, Carlos de la Pe\u00f1a Pintos, inform\u00f3 que al momento son 3 mil 844 casos activos que principalmente se concentran en Acapulco, y municipios de la zona Centro y Costa Chica.<\/p>\n\n\n\n<p>El reporte oficial refiere qu\u00e9 hay 472 personas hospitalizadas, \u201cy ya estamos en cuanto a la tendencia de hospotalizacion discretamente por arriba de la segunda ola y en las defunciones estamos en 11.5 el promedio por d\u00eda\u201d.<\/p>\n\n\n\n<p>Mientras, que el porcentaje de ocupaci\u00f3n hospitalaria ya es de 63 por ciento, por arriba de la media nacional que es del 43 por ciento; y el 43 por ciento de ocupaci\u00f3n en camas con ventilaci\u00f3n, por arriba de la media nacional, que es del 36 por ciento.<\/p>\n","protected":false},"excerpt":{"rendered":"<p>Rosario Garc\u00eda Orozco Chilpancingo, Gro., 29 de julio del 2021.- El estado de Guerrero registr\u00f3 este jueves el n\u00famero m\u00e1s elevado de contagios de Covid 19, ya que alcanz\u00f3 732&hellip; <\/p>\n","protected":false},"author":1,"featured_media":35547,"comment_status":"open","ping_status":"open","sticky":false,"template":"","format":"standard","meta":{"fifu_image_url":"","fifu_image_alt":"","footnotes":""},"categories":[3],"tags":[],"class_list":["post-35586","post","type-post","status-publish","format-standard","has-post-thumbnail","hentry","category-covid-19"],"_links":{"self":[{"href":"https:\/\/www.interaccionnoticias.com.mx\/index.php?rest_route=\/wp\/v2\/posts\/35586","targetHints":{"allow":["GET"]}}],"collection":[{"href":"https:\/\/www.interaccionnoticias.com.mx\/index.php?rest_route=\/wp\/v2\/posts"}],"about":[{"href":"https:\/\/www.interaccionnoticias.com.mx\/index.php?rest_route=\/wp\/v2\/types\/post"}],"author":[{"embeddable":true,"href":"https:\/\/www.interaccionnoticias.com.mx\/index.php?rest_route=\/wp\/v2\/users\/1"}],"replies":[{"embeddable":true,"href":"https:\/\/www.interaccionnoticias.com.mx\/index.php?rest_route=%2Fwp%2Fv2%2Fcomments&post=35586"}],"version-history":[{"count":0,"href":"https:\/\/www.interaccionnoticias.com.mx\/index.php?rest_route=\/wp\/v2\/posts\/35586\/revisions"}],"wp:featuredmedia":[{"embeddable":true,"href":"https:\/\/www.interaccionnoticias.com.mx\/index.php?rest_route=\/wp\/v2\/media\/35547"}],"wp:attachment":[{"href":"https:\/\/www.interaccionnoticias.com.mx\/index.php?rest_route=%2Fwp%2Fv2%2Fmedia&parent=35586"}],"wp:term":[{"taxonomy":"category","embeddable":true,"href":"https:\/\/www.interaccionnoticias.com.mx\/index.php?rest_route=%2Fwp%2Fv2%2Fcategories&post=35586"},{"taxonomy":"post_tag","embeddable":true,"href":"https:\/\/www.interaccionnoticias.com.mx\/index.php?rest_route=%2Fwp%2Fv2%2Ftags&post=35586"}],"curies":[{"name":"wp","href":"https:\/\/api.w.org\/{rel}","templated":true}]}}