{"id":35582,"date":"2021-07-29T17:48:00","date_gmt":"2021-07-29T22:48:00","guid":{"rendered":"http:\/\/www.inter-accion.com.mx\/?p=35582"},"modified":"2021-07-29T17:48:00","modified_gmt":"2021-07-29T22:48:00","slug":"35582","status":"publish","type":"post","link":"https:\/\/www.interaccionnoticias.com.mx\/?p=35582","title":{"rendered":"Se refuerza el programa de vacunaci\u00f3n en Guerrero con la participaci\u00f3n de m\u00e1s elementos de la Sedena y se incorporan oficiales de la Marina"},"content":{"rendered":"\n<p><strong>Rosario Garc\u00eda Orozco<\/strong><\/p>\n\n\n\n<p><strong>Chilpancingo, Gro., 29 de julio del 2021.- <\/strong>El delegado de los programas federales, Iv\u00e1n Hern\u00e1ndez D\u00edaz, anunci\u00f3 que se reforzar\u00e1n las jornadas de vacunaci\u00f3n anti Covid con oficiales de La Marina para abarcar a m\u00e1s poblaci\u00f3n de comunidades serranas de Tierra Caliente.<\/p>\n\n\n\n<p>Explic\u00f3 que mediante el Programa Nacional de Vacunaci\u00f3n Covid 19 se atender\u00e1 del 3 al 10 de agosto a j\u00f3venes 18 a 29 a\u00f1os de edad de Acapulco, y se aplican actualmente a todas las personas de 18 a 60 a\u00f1os y m\u00e1s en municipios de Tierra Caliente y la Monta\u00f1a.<\/p>\n\n\n\n<p>El funcionario federal mencion\u00f3 que durante la presente semana se han vacunado a habitantes de la regi\u00f3n de la Monta\u00f1a de todas las edades desde los 18 a\u00f1os.<\/p>\n\n\n\n<p>La jornada en esa regi\u00f3n y en la Tierra Caliente no ha sido solo para las cabeceras municipales, sino que se ha llegado hasta las comunidades con m\u00e1s poblaci\u00f3n y las m\u00e1s alejadas para llegar al mayor n\u00famero de poblaci\u00f3n.<\/p>\n\n\n\n<p>Mientras que en Acapulco anunci\u00f3 que se aplicar\u00e1n las vacunas anti Covid a partir del pr\u00f3ximo martes a los j\u00f3venes de 18 a 29 a\u00f1os, y a las mujeres que cursan 9 semanas o m\u00e1s de embarazo.<\/p>\n\n\n\n<p>Dichas vacunas se aplicar\u00e1n en los 4 macro puntos ya conocidos, sostuvo el funcionario federal.<\/p>\n\n\n\n<p>Del mismo modo, reconoci\u00f3 que hay cierta inquietud entre los habitantes que se encuentran en el grupo de edad de 40 a 49 a\u00f1os, quienes recibieron la primer dosis de la Astra Zeneca en los municipios de Acapulco y en la regi\u00f3n centro del estado, a quienes explic\u00f3 que la segunda dosis no se puede aplicar hasta despu\u00e9s del d\u00eda 54 de haber recibido la primer dosis.<\/p>\n\n\n\n<p>De tal manera, dijo, que se debe esperar entre 54 y 84 d\u00edas para que se aplique la segunda dosis de esa vacuna, \u201cen el momento en que lleguemos al d\u00eda 54 avisaremos cuando les toca la segunda dosis\u201d.<\/p>\n\n\n\n<p>Agreg\u00f3 Hern\u00e1ndez D\u00edaz que se refuerza a partir de esta fecha el programa de vacunaci\u00f3n, por lo que se incorporar\u00e1n m\u00e1s equipos de trabajo de la Marina de M\u00e9xico, sobre todo para la Tierra Caliente, \u201cy tambi\u00e9n se est\u00e1n instalando puntos de vacunaci\u00f3n en comunidades de la Sierra del estado de Guerrero\u201d.<\/p>\n\n\n\n<p>Insisti\u00f3 en que la incorporaci\u00f3n de los oficiales de La Marina es con el prop\u00f3sito de ir a los lugares m\u00e1s retirados de la Tierra Caliente y la Sierra, mientras que en la regi\u00f3n de la Monta\u00f1a, se hacen cargo elementos de la Secretar\u00eda de la Defensa Nacional, para cubrir al mayor n\u00famero de la poblaci\u00f3n.<\/p>\n","protected":false},"excerpt":{"rendered":"<p>Rosario Garc\u00eda Orozco Chilpancingo, Gro., 29 de julio del 2021.- El delegado de los programas federales, Iv\u00e1n Hern\u00e1ndez D\u00edaz, anunci\u00f3 que se reforzar\u00e1n las jornadas de vacunaci\u00f3n anti Covid con&hellip; <\/p>\n","protected":false},"author":1,"featured_media":35546,"comment_status":"open","ping_status":"open","sticky":false,"template":"","format":"standard","meta":{"fifu_image_url":"","fifu_image_alt":"","footnotes":""},"categories":[11],"tags":[],"class_list":["post-35582","post","type-post","status-publish","format-standard","has-post-thumbnail","hentry","category-guerrero"],"_links":{"self":[{"href":"https:\/\/www.interaccionnoticias.com.mx\/index.php?rest_route=\/wp\/v2\/posts\/35582","targetHints":{"allow":["GET"]}}],"collection":[{"href":"https:\/\/www.interaccionnoticias.com.mx\/index.php?rest_route=\/wp\/v2\/posts"}],"about":[{"href":"https:\/\/www.interaccionnoticias.com.mx\/index.php?rest_route=\/wp\/v2\/types\/post"}],"author":[{"embeddable":true,"href":"https:\/\/www.interaccionnoticias.com.mx\/index.php?rest_route=\/wp\/v2\/users\/1"}],"replies":[{"embeddable":true,"href":"https:\/\/www.interaccionnoticias.com.mx\/index.php?rest_route=%2Fwp%2Fv2%2Fcomments&post=35582"}],"version-history":[{"count":0,"href":"https:\/\/www.interaccionnoticias.com.mx\/index.php?rest_route=\/wp\/v2\/posts\/35582\/revisions"}],"wp:featuredmedia":[{"embeddable":true,"href":"https:\/\/www.interaccionnoticias.com.mx\/index.php?rest_route=\/wp\/v2\/media\/35546"}],"wp:attachment":[{"href":"https:\/\/www.interaccionnoticias.com.mx\/index.php?rest_route=%2Fwp%2Fv2%2Fmedia&parent=35582"}],"wp:term":[{"taxonomy":"category","embeddable":true,"href":"https:\/\/www.interaccionnoticias.com.mx\/index.php?rest_route=%2Fwp%2Fv2%2Fcategories&post=35582"},{"taxonomy":"post_tag","embeddable":true,"href":"https:\/\/www.interaccionnoticias.com.mx\/index.php?rest_route=%2Fwp%2Fv2%2Ftags&post=35582"}],"curies":[{"name":"wp","href":"https:\/\/api.w.org\/{rel}","templated":true}]}}