{"id":35577,"date":"2021-07-29T16:06:00","date_gmt":"2021-07-29T21:06:00","guid":{"rendered":"http:\/\/www.inter-accion.com.mx\/?p=35577"},"modified":"2021-07-29T16:06:00","modified_gmt":"2021-07-29T21:06:00","slug":"35577","status":"publish","type":"post","link":"https:\/\/www.interaccionnoticias.com.mx\/?p=35577","title":{"rendered":"Segundo d\u00eda con m\u00e1s de 730 contagios"},"content":{"rendered":"\n<p><em><strong>&#8211; Aumentan los decesos por Covid-19<br>&#8211; M\u00e1s contagiados que en la segunda ola<\/strong><\/em><\/p>\n\n\n\n<p><strong>Javier Trujillo<\/strong><\/p>\n\n\n\n<p><strong>Acapulco, Gro.-<\/strong> Por segundo d\u00eda consecutivo el estado de Guerrero se desbordan los contagios con 730 nuevos, y 43 fallecimientos a consecuencia de los efectos de la pandemia del virus del SAR-Co-V2.<\/p>\n\n\n\n<p>Este jueves, las siete regiones del estado se reportan 732 nuevos contagios, en 36 municipios.<\/p>\n\n\n\n<p>Entre las localidades que destacan por el n\u00famero de infectados son: Acapulco con 218, Chilpancingo con 188, Ometepec con 41, Ixcateopan report\u00f3 26, Tixtla con 21, y Zihuatanejo con 53.<\/p>\n\n\n\n<p>En el n\u00famero de fallecimientos se indica que este jueves se reportaron 43, de las cuales 29 corresponden al puerto de Acapulco, cuatro a Chilpancingo y dos en Zihuatanejo, y ocho municipios m\u00e1s, cada uno con un deceso.<\/p>\n\n\n\n<p>Incluso las autoridades del sector salud a cargo de Carlos de la Pe\u00f1a Pintos, detallan que en todo el estado se tienen tres mil 844 casos activos, as\u00ed como un total de 472 personas hospitalizadas.<\/p>\n\n\n\n<p>Se destaca que las cifras de los contagios se encuentran por arriba de las que se registraron durante la segunda ola del virus en la entidad.<\/p>\n\n\n\n<p>En lo que respecta al promedio del n\u00famero de defunciones en julio es del 11.5 por d\u00eda, siendo menor a comparaci\u00f3n del mes de enero, a pesar de la incidencia de casos, explic\u00f3.<\/p>\n\n\n\n<p>Tambi\u00e9n se coment\u00f3 que el porcentaje de ocupaci\u00f3n de camas Covid-19, es de 63%, que est\u00e1 por arriba de la media nacional que es de 43.<\/p>\n\n\n\n<p>Mientras los pacientes intubados super\u00f3 el 43% en tanto que a nivel nacional es de 36, dijo el titular de Salud en la entidad, De la Pe\u00f1a Pintos.<\/p>\n","protected":false},"excerpt":{"rendered":"<p>&#8211; Aumentan los decesos por Covid-19&#8211; M\u00e1s contagiados que en la segunda ola Javier Trujillo Acapulco, Gro.- Por segundo d\u00eda consecutivo el estado de Guerrero se desbordan los contagios con&hellip; <\/p>\n","protected":false},"author":1,"featured_media":35545,"comment_status":"open","ping_status":"open","sticky":false,"template":"","format":"standard","meta":{"fifu_image_url":"","fifu_image_alt":"","footnotes":""},"categories":[3],"tags":[],"class_list":["post-35577","post","type-post","status-publish","format-standard","has-post-thumbnail","hentry","category-covid-19"],"_links":{"self":[{"href":"https:\/\/www.interaccionnoticias.com.mx\/index.php?rest_route=\/wp\/v2\/posts\/35577","targetHints":{"allow":["GET"]}}],"collection":[{"href":"https:\/\/www.interaccionnoticias.com.mx\/index.php?rest_route=\/wp\/v2\/posts"}],"about":[{"href":"https:\/\/www.interaccionnoticias.com.mx\/index.php?rest_route=\/wp\/v2\/types\/post"}],"author":[{"embeddable":true,"href":"https:\/\/www.interaccionnoticias.com.mx\/index.php?rest_route=\/wp\/v2\/users\/1"}],"replies":[{"embeddable":true,"href":"https:\/\/www.interaccionnoticias.com.mx\/index.php?rest_route=%2Fwp%2Fv2%2Fcomments&post=35577"}],"version-history":[{"count":0,"href":"https:\/\/www.interaccionnoticias.com.mx\/index.php?rest_route=\/wp\/v2\/posts\/35577\/revisions"}],"wp:featuredmedia":[{"embeddable":true,"href":"https:\/\/www.interaccionnoticias.com.mx\/index.php?rest_route=\/wp\/v2\/media\/35545"}],"wp:attachment":[{"href":"https:\/\/www.interaccionnoticias.com.mx\/index.php?rest_route=%2Fwp%2Fv2%2Fmedia&parent=35577"}],"wp:term":[{"taxonomy":"category","embeddable":true,"href":"https:\/\/www.interaccionnoticias.com.mx\/index.php?rest_route=%2Fwp%2Fv2%2Fcategories&post=35577"},{"taxonomy":"post_tag","embeddable":true,"href":"https:\/\/www.interaccionnoticias.com.mx\/index.php?rest_route=%2Fwp%2Fv2%2Ftags&post=35577"}],"curies":[{"name":"wp","href":"https:\/\/api.w.org\/{rel}","templated":true}]}}