{"id":3557,"date":"2017-04-16T20:19:16","date_gmt":"2017-04-17T01:19:16","guid":{"rendered":"http:\/\/www.inter-accion.com.mx\/?p=3557"},"modified":"2017-04-16T20:19:16","modified_gmt":"2017-04-17T01:19:16","slug":"privan-de-la-libertad-a-presidente-municipal-en-guerrero","status":"publish","type":"post","link":"https:\/\/www.interaccionnoticias.com.mx\/?p=3557","title":{"rendered":"Privan de la libertad a presidente municipal en Guerrero"},"content":{"rendered":"<p>Un grupo de hombres armados tom\u00f3 cautivo al presidente municipal de Alcozauca, Nicol\u00e1s Diego Herrera, cuando junto con su familia cuando circulaba sobre la carretera estatal que va de Olinal\u00e1 hacia Copalillo, en el l\u00edmite de la Monta\u00f1a con la regi\u00f3n Norte de Guerrero.<br \/>\nDe acuerdo con la informaci\u00f3n que ya investiga la Fiscal\u00eda General del Estado (FGE), el alcalde de filiaci\u00f3n priista viajaba junto con su familia cuando un grupo de hombres armados le sali\u00f3 al paso, en una ruta de poca circulaci\u00f3n que enlaza a la Monta\u00f1a con la regi\u00f3n Norte, en lo que se conoce como la zona del Alto Balsas.<br \/>\nEl grupo de hombres armados solamente se llev\u00f3 al jefe de cabildo, dej\u00f3 a sus familiares sobre la carretera y estos regresaron hacia su lugar de origen, ninguno fue reportado con lesiones.<br \/>\nConsultado v\u00eda telef\u00f3nica, el vocero del Grupo de Coordinaci\u00f3n Guerrero (GCG), Roberto Alvarez Heredia confirm\u00f3 que ya la FGE investiga la versi\u00f3n que trasciende desde el mediod\u00eda del viernes santo.<br \/>\nLa familia del primer edil no ha reportado oficialmente el plagio.<br \/>\nEn esa misma ruta, a mediados de 2016 fue secuestrado Sa\u00fal Apreza Patron, actual presidente municipal de Olinal\u00e1, quien fue liberado en el estado de Morelos tras pagar un rescate.<\/p>\n","protected":false},"excerpt":{"rendered":"<p>Un grupo de hombres armados tom\u00f3 cautivo al presidente municipal de Alcozauca, Nicol\u00e1s Diego Herrera, cuando junto con su familia cuando circulaba sobre la carretera estatal que va de Olinal\u00e1&hellip; <\/p>\n","protected":false},"author":1,"featured_media":0,"comment_status":"open","ping_status":"open","sticky":false,"template":"","format":"standard","meta":{"fifu_image_url":"","fifu_image_alt":"","footnotes":""},"categories":[8,23],"tags":[],"class_list":["post-3557","post","type-post","status-publish","format-standard","hentry","category-featured","category-regionales"],"_links":{"self":[{"href":"https:\/\/www.interaccionnoticias.com.mx\/index.php?rest_route=\/wp\/v2\/posts\/3557","targetHints":{"allow":["GET"]}}],"collection":[{"href":"https:\/\/www.interaccionnoticias.com.mx\/index.php?rest_route=\/wp\/v2\/posts"}],"about":[{"href":"https:\/\/www.interaccionnoticias.com.mx\/index.php?rest_route=\/wp\/v2\/types\/post"}],"author":[{"embeddable":true,"href":"https:\/\/www.interaccionnoticias.com.mx\/index.php?rest_route=\/wp\/v2\/users\/1"}],"replies":[{"embeddable":true,"href":"https:\/\/www.interaccionnoticias.com.mx\/index.php?rest_route=%2Fwp%2Fv2%2Fcomments&post=3557"}],"version-history":[{"count":0,"href":"https:\/\/www.interaccionnoticias.com.mx\/index.php?rest_route=\/wp\/v2\/posts\/3557\/revisions"}],"wp:attachment":[{"href":"https:\/\/www.interaccionnoticias.com.mx\/index.php?rest_route=%2Fwp%2Fv2%2Fmedia&parent=3557"}],"wp:term":[{"taxonomy":"category","embeddable":true,"href":"https:\/\/www.interaccionnoticias.com.mx\/index.php?rest_route=%2Fwp%2Fv2%2Fcategories&post=3557"},{"taxonomy":"post_tag","embeddable":true,"href":"https:\/\/www.interaccionnoticias.com.mx\/index.php?rest_route=%2Fwp%2Fv2%2Ftags&post=3557"}],"curies":[{"name":"wp","href":"https:\/\/api.w.org\/{rel}","templated":true}]}}