{"id":35531,"date":"2021-07-29T14:13:51","date_gmt":"2021-07-29T19:13:51","guid":{"rendered":"http:\/\/www.inter-accion.com.mx\/?p=35531"},"modified":"2021-07-29T14:13:51","modified_gmt":"2021-07-29T19:13:51","slug":"35531","status":"publish","type":"post","link":"https:\/\/www.interaccionnoticias.com.mx\/?p=35531","title":{"rendered":"Pide el gobernador avances en torno al asesinato de la enfermera y el odont\u00f3logo, en Tixtla"},"content":{"rendered":"\n<p><strong>Jes\u00fas Dorantes<\/strong><\/p>\n\n\n\n<p><strong>Chilpancingo, Gro.-<\/strong> A petici\u00f3n del gobernador H\u00e9ctor Astudillo Flores, la Fiscal\u00eda General del Estado (FGE) inform\u00f3 los avances que existen respecto al asesinato cometido en contra de dos trabajadores del sector Salud, cometidos el pasado 20 de marzo en el municipio de Tixtla.<\/p>\n\n\n\n<p>Durante la sesi\u00f3n que desarroll\u00f3 la Mesa de Coordinaci\u00f3n para la Construcci\u00f3n de la Paz en el estado de Guerrero, celebrada el jueves 30 de julio, el titular de la FGE, Jorge Zuriel de los Santos Barilla inform\u00f3 que se da seguimiento a las l\u00edneas de investigaci\u00f3n de los asesinatos de Valeria \u00abN\u00bb y Emmanuel \u00abN\u00bb, reportados como desaparecidos el 19 de julio y localizados sin vida 24 horas despu\u00e9s.<\/p>\n\n\n\n<p>Los tres niveles de gobierno que participan en la Mesa de Coordinaci\u00f3n informaron que tambi\u00e9n se da seguimiento a las indagatorias de los hechos delictivos que han ocurrido en los municipios de Tixtla, Iguala y Acapulco.<\/p>\n\n\n\n<p>Como el caso del ataque perpetrado durante la tarde del mi\u00e9rcoles 28 del presente mes, en el que perdi\u00f3 la vida el ch\u00f3fer de un cami\u00f3n urbano del puerto de Acapulco que deriv\u00f3 en un accidente vial.<\/p>\n\n\n\n<p>El lunes pasado, trabajadores del sector Salud, familiares y amigos marcharon en la cabecera municipal de Tixtla para exigir justicia, en donde reprocharon que a una semana de ocurridos los hechos, no se ten\u00eda informaci\u00f3n respecto al avance que se ten\u00eda sobre dicho crimen.<\/p>\n","protected":false},"excerpt":{"rendered":"<p>Jes\u00fas Dorantes Chilpancingo, Gro.- A petici\u00f3n del gobernador H\u00e9ctor Astudillo Flores, la Fiscal\u00eda General del Estado (FGE) inform\u00f3 los avances que existen respecto al asesinato cometido en contra de dos&hellip; <\/p>\n","protected":false},"author":1,"featured_media":35532,"comment_status":"open","ping_status":"open","sticky":false,"template":"","format":"standard","meta":{"fifu_image_url":"","fifu_image_alt":"","footnotes":""},"categories":[11],"tags":[],"class_list":["post-35531","post","type-post","status-publish","format-standard","has-post-thumbnail","hentry","category-guerrero"],"_links":{"self":[{"href":"https:\/\/www.interaccionnoticias.com.mx\/index.php?rest_route=\/wp\/v2\/posts\/35531","targetHints":{"allow":["GET"]}}],"collection":[{"href":"https:\/\/www.interaccionnoticias.com.mx\/index.php?rest_route=\/wp\/v2\/posts"}],"about":[{"href":"https:\/\/www.interaccionnoticias.com.mx\/index.php?rest_route=\/wp\/v2\/types\/post"}],"author":[{"embeddable":true,"href":"https:\/\/www.interaccionnoticias.com.mx\/index.php?rest_route=\/wp\/v2\/users\/1"}],"replies":[{"embeddable":true,"href":"https:\/\/www.interaccionnoticias.com.mx\/index.php?rest_route=%2Fwp%2Fv2%2Fcomments&post=35531"}],"version-history":[{"count":0,"href":"https:\/\/www.interaccionnoticias.com.mx\/index.php?rest_route=\/wp\/v2\/posts\/35531\/revisions"}],"wp:featuredmedia":[{"embeddable":true,"href":"https:\/\/www.interaccionnoticias.com.mx\/index.php?rest_route=\/wp\/v2\/media\/35532"}],"wp:attachment":[{"href":"https:\/\/www.interaccionnoticias.com.mx\/index.php?rest_route=%2Fwp%2Fv2%2Fmedia&parent=35531"}],"wp:term":[{"taxonomy":"category","embeddable":true,"href":"https:\/\/www.interaccionnoticias.com.mx\/index.php?rest_route=%2Fwp%2Fv2%2Fcategories&post=35531"},{"taxonomy":"post_tag","embeddable":true,"href":"https:\/\/www.interaccionnoticias.com.mx\/index.php?rest_route=%2Fwp%2Fv2%2Ftags&post=35531"}],"curies":[{"name":"wp","href":"https:\/\/api.w.org\/{rel}","templated":true}]}}