{"id":35526,"date":"2021-07-29T13:49:11","date_gmt":"2021-07-29T18:49:11","guid":{"rendered":"http:\/\/www.inter-accion.com.mx\/?p=35526"},"modified":"2021-07-29T13:49:11","modified_gmt":"2021-07-29T18:49:11","slug":"35526","status":"publish","type":"post","link":"https:\/\/www.interaccionnoticias.com.mx\/?p=35526","title":{"rendered":"Falla mec\u00e1nica en Telef\u00e9rico de Monte-Taxco nunca puso en riesgo a los tur\u00edstas que viajaban en ellas"},"content":{"rendered":"\n<p><strong>Jes\u00fas Dorantes<\/strong><\/p>\n\n\n\n<p><strong>Chilpancingo, Gro.-<\/strong> La falla del telef\u00e9rico propiedad del hotel Monte-Taxco nunca puso en riesgo la vida de las nueve personas que estuvieron atrapadas en las g\u00f3ndolas durante cuatro horas, se\u00f1alaron los representantes y t\u00e9cnicos de la empresa.<\/p>\n\n\n\n<p>En rueda de prensa, Armando Mart\u00ednez, gerente de Marketing y Ventas del Hotel Monte Taxco, inform\u00f3 que la causa del incidente que ocurri\u00f3 el pasado 27 de julio fue una falla en el contrapeso del telef\u00e9rico, la cual activ\u00f3 de manera inmediata los sistemas de emergencia, deteniendo las g\u00f3ndolas.<\/p>\n\n\n\n<p>Neg\u00f3 que el cable tensor estuviera roto, como fue publicado en algunos medios de comunicaci\u00f3n y que en consecuencia, hubiera estado en riesgo la vida de las nueve personas que viajaban en ese momento.<\/p>\n\n\n\n<p>De hecho, recordaron que ninguno de los visitantes present\u00f3 alg\u00fan tipo de lesi\u00f3n, por lo que en su momento firmaron un documento en el que exoneran al hotel de cualquier responsabilidad.<\/p>\n\n\n\n<p>Los representantes negaron que existieran despidos por el incidente, aunque s\u00ed se anot\u00f3 que se encuentran en espera de que acudan especialistas para realizar una valoraci\u00f3n del telef\u00e9rico, con la intenci\u00f3n de dar a conocer el motivo de falla mec\u00e1nica.<\/p>\n\n\n\n<p>La tarde del viernes 30 de julio, personal de hotel realizar\u00e1 una reuni\u00f3n de agradecimiento con todas las personas involucradas en el rescate, pues estuvieron completamente a la altura de las circunstancias.<\/p>\n","protected":false},"excerpt":{"rendered":"<p>Jes\u00fas Dorantes Chilpancingo, Gro.- La falla del telef\u00e9rico propiedad del hotel Monte-Taxco nunca puso en riesgo la vida de las nueve personas que estuvieron atrapadas en las g\u00f3ndolas durante cuatro&hellip; <\/p>\n","protected":false},"author":1,"featured_media":35527,"comment_status":"open","ping_status":"open","sticky":false,"template":"","format":"standard","meta":{"fifu_image_url":"","fifu_image_alt":"","footnotes":""},"categories":[23],"tags":[],"class_list":["post-35526","post","type-post","status-publish","format-standard","has-post-thumbnail","hentry","category-regionales"],"_links":{"self":[{"href":"https:\/\/www.interaccionnoticias.com.mx\/index.php?rest_route=\/wp\/v2\/posts\/35526","targetHints":{"allow":["GET"]}}],"collection":[{"href":"https:\/\/www.interaccionnoticias.com.mx\/index.php?rest_route=\/wp\/v2\/posts"}],"about":[{"href":"https:\/\/www.interaccionnoticias.com.mx\/index.php?rest_route=\/wp\/v2\/types\/post"}],"author":[{"embeddable":true,"href":"https:\/\/www.interaccionnoticias.com.mx\/index.php?rest_route=\/wp\/v2\/users\/1"}],"replies":[{"embeddable":true,"href":"https:\/\/www.interaccionnoticias.com.mx\/index.php?rest_route=%2Fwp%2Fv2%2Fcomments&post=35526"}],"version-history":[{"count":0,"href":"https:\/\/www.interaccionnoticias.com.mx\/index.php?rest_route=\/wp\/v2\/posts\/35526\/revisions"}],"wp:featuredmedia":[{"embeddable":true,"href":"https:\/\/www.interaccionnoticias.com.mx\/index.php?rest_route=\/wp\/v2\/media\/35527"}],"wp:attachment":[{"href":"https:\/\/www.interaccionnoticias.com.mx\/index.php?rest_route=%2Fwp%2Fv2%2Fmedia&parent=35526"}],"wp:term":[{"taxonomy":"category","embeddable":true,"href":"https:\/\/www.interaccionnoticias.com.mx\/index.php?rest_route=%2Fwp%2Fv2%2Fcategories&post=35526"},{"taxonomy":"post_tag","embeddable":true,"href":"https:\/\/www.interaccionnoticias.com.mx\/index.php?rest_route=%2Fwp%2Fv2%2Ftags&post=35526"}],"curies":[{"name":"wp","href":"https:\/\/api.w.org\/{rel}","templated":true}]}}