{"id":35522,"date":"2021-07-29T13:40:02","date_gmt":"2021-07-29T18:40:02","guid":{"rendered":"http:\/\/www.inter-accion.com.mx\/?p=35522"},"modified":"2021-07-29T13:40:02","modified_gmt":"2021-07-29T18:40:02","slug":"35522","status":"publish","type":"post","link":"https:\/\/www.interaccionnoticias.com.mx\/?p=35522","title":{"rendered":"Emplazan a huelga futura sede de SSA del gobierno federal"},"content":{"rendered":"\n<p><em><strong>&#8211; Adeudos millonarios por trabajos realizados<br>&#8211; Desde el gobierno de Zeferino Torreblanca se deben m\u00e1s de 100 millones de pesos<\/strong><\/em><\/p>\n\n\n\n<p><strong>Javier Trujillo<\/strong><\/p>\n\n\n\n<p><strong>Acapulco, Gro.-<\/strong> El edificio inteligente que ser\u00e1 la sede de la Secretaria de Salud del gobierno federal, fue emplazado a huelga por millonarios adeudos con la organizaci\u00f3n gremial de la Confederaci\u00f3n<\/p>\n\n\n\n<p>Obrera Revolucionaria (COR) que lidera Franco de la Paz L\u00f3pez.<\/p>\n\n\n\n<p>Acusan que desde el 20 de enero del 2010 se firm\u00f3 un contrato para la realizaci\u00f3n de la obra, y violando el contrato desde hace nueve a\u00f1os dejaron de pagar los m\u00e1s de 100 millones es de pesos, afirm\u00f3 Agust\u00edn Delgado \u00c1lvarez.<\/p>\n\n\n\n<p>\u00abNing\u00fan presidente o secretario de trabajo le daban entrada a la solicitud de huelga, para que pagaran y desde el Poder Judicial ordenaron a la Junta Local de Conciliaci\u00f3n y Arbitraje que le diera entrada al emplazamiento.<\/p>\n\n\n\n<p>\u00abEs una deuda institucional, y el Secretario de Finanzas, Tulio P\u00e9rez Calvo, tiene que resolverlo y se a negado a pagarlo, porque dice que esa no es su deuda, por lo que el 16 de agosto del 2021, estallar\u00e1 la huelga\u00bb, advirti\u00f3.<\/p>\n\n\n\n<p>Apenas el pasado 18 de julio, tras una reuni\u00f3n del gobernador H\u00e9ctor Astudillo con el presidente Andr\u00e9s Manuel L\u00f3pez Obrador se acord\u00f3 que en el puerto de Acapulco se instalar\u00e1 la nueva sede de Salud del gobierno federal.<\/p>\n\n\n\n<p>\u00abNosotros no queremos problemas, pero ya son muchos a\u00f1os del adeudo y queremos recuperarlo para pagarles a todos\u00bb, dijo Delgado \u00c1lvarez.<\/p>\n","protected":false},"excerpt":{"rendered":"<p>&#8211; Adeudos millonarios por trabajos realizados&#8211; Desde el gobierno de Zeferino Torreblanca se deben m\u00e1s de 100 millones de pesos Javier Trujillo Acapulco, Gro.- El edificio inteligente que ser\u00e1 la&hellip; <\/p>\n","protected":false},"author":1,"featured_media":35508,"comment_status":"open","ping_status":"open","sticky":false,"template":"","format":"standard","meta":{"fifu_image_url":"","fifu_image_alt":"","footnotes":""},"categories":[26],"tags":[],"class_list":["post-35522","post","type-post","status-publish","format-standard","has-post-thumbnail","hentry","category-salud"],"_links":{"self":[{"href":"https:\/\/www.interaccionnoticias.com.mx\/index.php?rest_route=\/wp\/v2\/posts\/35522","targetHints":{"allow":["GET"]}}],"collection":[{"href":"https:\/\/www.interaccionnoticias.com.mx\/index.php?rest_route=\/wp\/v2\/posts"}],"about":[{"href":"https:\/\/www.interaccionnoticias.com.mx\/index.php?rest_route=\/wp\/v2\/types\/post"}],"author":[{"embeddable":true,"href":"https:\/\/www.interaccionnoticias.com.mx\/index.php?rest_route=\/wp\/v2\/users\/1"}],"replies":[{"embeddable":true,"href":"https:\/\/www.interaccionnoticias.com.mx\/index.php?rest_route=%2Fwp%2Fv2%2Fcomments&post=35522"}],"version-history":[{"count":0,"href":"https:\/\/www.interaccionnoticias.com.mx\/index.php?rest_route=\/wp\/v2\/posts\/35522\/revisions"}],"wp:featuredmedia":[{"embeddable":true,"href":"https:\/\/www.interaccionnoticias.com.mx\/index.php?rest_route=\/wp\/v2\/media\/35508"}],"wp:attachment":[{"href":"https:\/\/www.interaccionnoticias.com.mx\/index.php?rest_route=%2Fwp%2Fv2%2Fmedia&parent=35522"}],"wp:term":[{"taxonomy":"category","embeddable":true,"href":"https:\/\/www.interaccionnoticias.com.mx\/index.php?rest_route=%2Fwp%2Fv2%2Fcategories&post=35522"},{"taxonomy":"post_tag","embeddable":true,"href":"https:\/\/www.interaccionnoticias.com.mx\/index.php?rest_route=%2Fwp%2Fv2%2Ftags&post=35522"}],"curies":[{"name":"wp","href":"https:\/\/api.w.org\/{rel}","templated":true}]}}