{"id":35512,"date":"2021-07-29T13:32:10","date_gmt":"2021-07-29T18:32:10","guid":{"rendered":"http:\/\/www.inter-accion.com.mx\/?p=35512"},"modified":"2021-07-29T13:32:10","modified_gmt":"2021-07-29T18:32:10","slug":"35512","status":"publish","type":"post","link":"https:\/\/www.interaccionnoticias.com.mx\/?p=35512","title":{"rendered":"INE pedir\u00e1 seguridad especial para Acapulco e Iguala durante la Consulta Popular"},"content":{"rendered":"\n<p><strong><em>&#8211; Son los dos municipios que m\u00e1s preocupan al INE, por el tema de la inseguridad durante la jornada del 1 de agosto<\/em><\/strong><\/p>\n\n\n\n<p><strong>Vianey Ponce<\/strong><\/p>\n\n\n\n<p>El vocal ejecutivo de la Junta Local del Instituto Nacional Electoral (INE), Dagoberto Santos Trigo reconoci\u00f3 que existe una preocupaci\u00f3n por la seguridad durante la consulta popular del 1 de agosto, particularmente en los municipios Acapulco e Iguala.<\/p>\n\n\n\n<p>Por tal motivo anunci\u00f3 que pedir\u00e1 al gobierno estatal el reforzamiento de los trabajos en materia de vigilancia, pero de manera prioritaria solicitar\u00e1 seguridad especial en los distritos electorales ubicados en Acapulco e Iguala.<\/p>\n\n\n\n<p>Durante una rueda de prensa celebrada en las instalaciones de la Junta Local, el representante del INE expres\u00f3 que se mantiene una preocupaci\u00f3n por la seguridad en el traslado, alojamiento y recepci\u00f3n los paquetes electorales en las&nbsp; diferentes casillas y centros de resguardo;&nbsp; As\u00ed como de los funcionarios y ciudadanos que participar\u00e1n en la primera Consulta Popular.<\/p>\n\n\n\n<p>Por ello, anunci\u00f3 que este jueves 29 de julio, en un encuentro pactado con el gobernador H\u00e9ctor Astudillo Flores le externar\u00eda dicha preocupaci\u00f3n, a fin de que se refuerce la seguridad en los dos municipios prioritarios, debido al repunte de casos de violencia que se han suscitado en los \u00faltimos d\u00edas.<\/p>\n","protected":false},"excerpt":{"rendered":"<p>&#8211; Son los dos municipios que m\u00e1s preocupan al INE, por el tema de la inseguridad durante la jornada del 1 de agosto Vianey Ponce El vocal ejecutivo de la&hellip; <\/p>\n","protected":false},"author":1,"featured_media":35506,"comment_status":"open","ping_status":"open","sticky":false,"template":"","format":"standard","meta":{"fifu_image_url":"","fifu_image_alt":"","footnotes":""},"categories":[17],"tags":[],"class_list":["post-35512","post","type-post","status-publish","format-standard","has-post-thumbnail","hentry","category-organos-electorales"],"_links":{"self":[{"href":"https:\/\/www.interaccionnoticias.com.mx\/index.php?rest_route=\/wp\/v2\/posts\/35512","targetHints":{"allow":["GET"]}}],"collection":[{"href":"https:\/\/www.interaccionnoticias.com.mx\/index.php?rest_route=\/wp\/v2\/posts"}],"about":[{"href":"https:\/\/www.interaccionnoticias.com.mx\/index.php?rest_route=\/wp\/v2\/types\/post"}],"author":[{"embeddable":true,"href":"https:\/\/www.interaccionnoticias.com.mx\/index.php?rest_route=\/wp\/v2\/users\/1"}],"replies":[{"embeddable":true,"href":"https:\/\/www.interaccionnoticias.com.mx\/index.php?rest_route=%2Fwp%2Fv2%2Fcomments&post=35512"}],"version-history":[{"count":0,"href":"https:\/\/www.interaccionnoticias.com.mx\/index.php?rest_route=\/wp\/v2\/posts\/35512\/revisions"}],"wp:featuredmedia":[{"embeddable":true,"href":"https:\/\/www.interaccionnoticias.com.mx\/index.php?rest_route=\/wp\/v2\/media\/35506"}],"wp:attachment":[{"href":"https:\/\/www.interaccionnoticias.com.mx\/index.php?rest_route=%2Fwp%2Fv2%2Fmedia&parent=35512"}],"wp:term":[{"taxonomy":"category","embeddable":true,"href":"https:\/\/www.interaccionnoticias.com.mx\/index.php?rest_route=%2Fwp%2Fv2%2Fcategories&post=35512"},{"taxonomy":"post_tag","embeddable":true,"href":"https:\/\/www.interaccionnoticias.com.mx\/index.php?rest_route=%2Fwp%2Fv2%2Ftags&post=35512"}],"curies":[{"name":"wp","href":"https:\/\/api.w.org\/{rel}","templated":true}]}}