{"id":35490,"date":"2021-07-28T17:28:43","date_gmt":"2021-07-28T22:28:43","guid":{"rendered":"http:\/\/www.inter-accion.com.mx\/?p=35490"},"modified":"2021-07-28T17:28:43","modified_gmt":"2021-07-28T22:28:43","slug":"35490","status":"publish","type":"post","link":"https:\/\/www.interaccionnoticias.com.mx\/?p=35490","title":{"rendered":"Ejecutan a un ch\u00f3fer en Acapulco"},"content":{"rendered":"\n<p><strong><em>&#8211; Provoca accidente y deja cinco heridos<br>&#8211; El agresor baj\u00f3 pistola en mano y huy\u00f3<\/em><\/strong><\/p>\n\n\n\n<p><strong>Javier Trujillo<\/strong><\/p>\n\n\n\n<p><strong>Acapulco, Gro. &#8211;<\/strong> Una hombre que viajaba como pasajero en un cami\u00f3n urbano, asesin\u00f3 al ch\u00f3fer, lo que dej\u00f3 como saldo un muerto, cinco lesionados y da\u00f1os a tres veh\u00edculos del servicio p\u00fablico de Acapulco.<\/p>\n\n\n\n<p>Tras dispararle, el supuesto pasajero y agresor del ch\u00f3fer, guard\u00f3 el arma y bajo de la unidad para huir por la calle Rancho Acapulco.<\/p>\n\n\n\n<p>El cami\u00f3n ven\u00eda lleno de pasajeros, que viven en la zona suburbana del puerto de Acapulco y observaron cuando el presunto homicida asesin\u00f3 el ch\u00f3fer que perdi\u00f3 el control y se pas\u00f3 al otro carril, para chocar a dos taxis.<\/p>\n\n\n\n<p>\u00abUn muerto, que es el ch\u00f3fer del cami\u00f3n urbano, y un herido, y se est\u00e1n haciendo las diligencias.<\/p>\n\n\n\n<p>\u00abM\u00e1s tarde se dar\u00e1 a conocer m\u00e1s informaci\u00f3n, as\u00ed como algunos detalles m\u00e1s en concreto\u00bb, expres\u00f3 el Fiscal General del Estado, Jorge Zuriel de los Santos Barila, quien lleg\u00f3 hasta el lugar del incidente.<\/p>\n\n\n\n<p>La unidad, con el ch\u00f3fer muerto cruzo el camell\u00f3n y choc\u00f3 en contra de dos taxis uno amarillo del servicio colectivo y otro azul con blanco, y se reportaron cinco lesionados.<\/p>\n\n\n\n<p>Los pasajeros se bajaron espantados del cami\u00f3n, que hab\u00eda embestido a los los taxis. El conductor de la unidad, qued\u00f3 sin vida en las escaleras, y a un costado los taxis del servicio p\u00fablico que fueron impactados.<\/p>\n\n\n\n<p>En un taxi colectivo que llevaba al menos tres pasajeros, el ch\u00f3fer de la unidad qued\u00f3 prensado, los tres usuarios resultaron lesionados y se los llevaron param\u00e9dicos.<\/p>\n\n\n\n<p>La agresi\u00f3n ocurri\u00f3 alrededor de las 09:35 horas, en la carretera nacional Acapulco-M\u00e9xico, en la colonia Garita, zona urbana del puerto de Acapulco.<\/p>\n","protected":false},"excerpt":{"rendered":"<p>&#8211; Provoca accidente y deja cinco heridos&#8211; El agresor baj\u00f3 pistola en mano y huy\u00f3 Javier Trujillo Acapulco, Gro. &#8211; Una hombre que viajaba como pasajero en un cami\u00f3n urbano,&hellip; <\/p>\n","protected":false},"author":1,"featured_media":35491,"comment_status":"open","ping_status":"open","sticky":false,"template":"","format":"standard","meta":{"fifu_image_url":"","fifu_image_alt":"","footnotes":""},"categories":[27],"tags":[],"class_list":["post-35490","post","type-post","status-publish","format-standard","has-post-thumbnail","hentry","category-seguridad-publica"],"_links":{"self":[{"href":"https:\/\/www.interaccionnoticias.com.mx\/index.php?rest_route=\/wp\/v2\/posts\/35490","targetHints":{"allow":["GET"]}}],"collection":[{"href":"https:\/\/www.interaccionnoticias.com.mx\/index.php?rest_route=\/wp\/v2\/posts"}],"about":[{"href":"https:\/\/www.interaccionnoticias.com.mx\/index.php?rest_route=\/wp\/v2\/types\/post"}],"author":[{"embeddable":true,"href":"https:\/\/www.interaccionnoticias.com.mx\/index.php?rest_route=\/wp\/v2\/users\/1"}],"replies":[{"embeddable":true,"href":"https:\/\/www.interaccionnoticias.com.mx\/index.php?rest_route=%2Fwp%2Fv2%2Fcomments&post=35490"}],"version-history":[{"count":0,"href":"https:\/\/www.interaccionnoticias.com.mx\/index.php?rest_route=\/wp\/v2\/posts\/35490\/revisions"}],"wp:featuredmedia":[{"embeddable":true,"href":"https:\/\/www.interaccionnoticias.com.mx\/index.php?rest_route=\/wp\/v2\/media\/35491"}],"wp:attachment":[{"href":"https:\/\/www.interaccionnoticias.com.mx\/index.php?rest_route=%2Fwp%2Fv2%2Fmedia&parent=35490"}],"wp:term":[{"taxonomy":"category","embeddable":true,"href":"https:\/\/www.interaccionnoticias.com.mx\/index.php?rest_route=%2Fwp%2Fv2%2Fcategories&post=35490"},{"taxonomy":"post_tag","embeddable":true,"href":"https:\/\/www.interaccionnoticias.com.mx\/index.php?rest_route=%2Fwp%2Fv2%2Ftags&post=35490"}],"curies":[{"name":"wp","href":"https:\/\/api.w.org\/{rel}","templated":true}]}}