{"id":35480,"date":"2021-07-28T16:59:18","date_gmt":"2021-07-28T21:59:18","guid":{"rendered":"http:\/\/www.inter-accion.com.mx\/?p=35480"},"modified":"2021-07-28T16:59:18","modified_gmt":"2021-07-28T21:59:18","slug":"35480","status":"publish","type":"post","link":"https:\/\/www.interaccionnoticias.com.mx\/?p=35480","title":{"rendered":"Asesinatos de mujeres no investigan con perspectiva de g\u00e9nero denuncian mujeres"},"content":{"rendered":"\n<p><strong><em>&#8211; Esa es la raz\u00f3n de que las cifras oficiales de feminicidios en el estado se reduzcan, pues autom\u00e1ticamente se catalogan como homicidios, se\u00f1alan<\/em><\/strong><\/p>\n\n\n\n<p><strong>Vianey Ponce<\/strong><\/p>\n\n\n\n<p>Activistas de diferentes organizaciones indicaron que las cifras oficiales que reflejan una reducci\u00f3n en materia de feminicidios no concuerdan con la realidad que se vive en la entidad, pues de manera recurrente se sabe de asesinatos de mujeres, pero estos no se tipifican adecuadamente.<\/p>\n\n\n\n<p>En conferencia de prensa, Mar\u00eda Luisa Garf\u00edas Mar\u00edn, Gadi Aleli Dircio y Blanca Wences Rom\u00e1n, integrantes de la Alianza Nacional Feminista, denunciaron que la raz\u00f3n por la que se redujeron las cifras oficiales de feminicidios, es porque los asesinatos de mujeres no se investigan con perspectiva de g\u00e9nero m\u00e1s bien, se catalogan de forma autom\u00e1tica como homicidios.<\/p>\n\n\n\n<p>En la sesi\u00f3n del 26 de julio, la mesa de Coordinaci\u00f3n para la Construcci\u00f3n de la Paz inform\u00f3 que Guerrero dej\u00f3 el lugar n\u00famero 27 para ocupar el 29 a nivel nacional en materia de feminicidios, lo que se interpret\u00f3 como una reducci\u00f3n de la reincidencia de dicho delito.<\/p>\n\n\n\n<p>Sin embargo, este mi\u00e9rcoles en conferencia de prensa feministas desmintieron las cifras que se dieron a conocer.<\/p>\n\n\n\n<p>\u00abNo es posible que veamos todos los d\u00edas cr\u00edmenes y asesinatos de mujeres y que nos digan que en Guerrero estamos a punto casi de erradicar el feminicidio\u00bb, advirti\u00f3 la acad\u00e9mica Garfias Mar\u00edn.<\/p>\n\n\n\n<p>Se\u00f1alaron que su referencia son las noticias publicadas en medios de comunicaci\u00f3n, as\u00ed como los testimonios que recolectan en los colectivos del movimiento feminista.<\/p>\n\n\n\n<p>Por esa raz\u00f3n dijeron que no existe confianza en que la Fiscal\u00eda General del Estado (FGE) proporcione de manera fidedigna al Secretariado Ejecutivo del Sistema Nacional de Seguridad P\u00fablica (SESNSP) los feminicidos reales.<\/p>\n\n\n\n<p>Reiteraron: \u00abMientras no se investiguen (los homicidios de mujeres) como lo mandata el protocolo para la investigaci\u00f3n de feminicidios con perspectiva de g\u00e9nero, y el Ministerio P\u00fablico (MP), as\u00ed como los peritos se apeguen al protocolo y demuestren si es o no un feminicidio, para nosotros ese Informe no representa la realidad\u00bb.<\/p>\n\n\n\n<p>En dicha conferencia de prensa las representantes del movimiento feminista anunciaron la quinta Asamblea Feminista la cual se llevar\u00e1 a cabo v\u00eda zoom, los d\u00edas 31 de julio y 01 De agosto.<\/p>\n","protected":false},"excerpt":{"rendered":"<p>&#8211; Esa es la raz\u00f3n de que las cifras oficiales de feminicidios en el estado se reduzcan, pues autom\u00e1ticamente se catalogan como homicidios, se\u00f1alan Vianey Ponce Activistas de diferentes organizaciones&hellip; <\/p>\n","protected":false},"author":1,"featured_media":35470,"comment_status":"open","ping_status":"open","sticky":false,"template":"","format":"standard","meta":{"fifu_image_url":"","fifu_image_alt":"","footnotes":""},"categories":[15],"tags":[],"class_list":["post-35480","post","type-post","status-publish","format-standard","has-post-thumbnail","hentry","category-movimientos-sociales"],"_links":{"self":[{"href":"https:\/\/www.interaccionnoticias.com.mx\/index.php?rest_route=\/wp\/v2\/posts\/35480","targetHints":{"allow":["GET"]}}],"collection":[{"href":"https:\/\/www.interaccionnoticias.com.mx\/index.php?rest_route=\/wp\/v2\/posts"}],"about":[{"href":"https:\/\/www.interaccionnoticias.com.mx\/index.php?rest_route=\/wp\/v2\/types\/post"}],"author":[{"embeddable":true,"href":"https:\/\/www.interaccionnoticias.com.mx\/index.php?rest_route=\/wp\/v2\/users\/1"}],"replies":[{"embeddable":true,"href":"https:\/\/www.interaccionnoticias.com.mx\/index.php?rest_route=%2Fwp%2Fv2%2Fcomments&post=35480"}],"version-history":[{"count":0,"href":"https:\/\/www.interaccionnoticias.com.mx\/index.php?rest_route=\/wp\/v2\/posts\/35480\/revisions"}],"wp:featuredmedia":[{"embeddable":true,"href":"https:\/\/www.interaccionnoticias.com.mx\/index.php?rest_route=\/wp\/v2\/media\/35470"}],"wp:attachment":[{"href":"https:\/\/www.interaccionnoticias.com.mx\/index.php?rest_route=%2Fwp%2Fv2%2Fmedia&parent=35480"}],"wp:term":[{"taxonomy":"category","embeddable":true,"href":"https:\/\/www.interaccionnoticias.com.mx\/index.php?rest_route=%2Fwp%2Fv2%2Fcategories&post=35480"},{"taxonomy":"post_tag","embeddable":true,"href":"https:\/\/www.interaccionnoticias.com.mx\/index.php?rest_route=%2Fwp%2Fv2%2Ftags&post=35480"}],"curies":[{"name":"wp","href":"https:\/\/api.w.org\/{rel}","templated":true}]}}