{"id":35367,"date":"2021-07-25T19:41:29","date_gmt":"2021-07-26T00:41:29","guid":{"rendered":"http:\/\/www.inter-accion.com.mx\/?p=35367"},"modified":"2021-07-25T19:41:29","modified_gmt":"2021-07-26T00:41:29","slug":"35367","status":"publish","type":"post","link":"https:\/\/www.interaccionnoticias.com.mx\/?p=35367","title":{"rendered":"Ayuntamiento de Chilpancingo cierra la Alameda y el z\u00f3calo para evitar m\u00e1s contagios por COVID-19"},"content":{"rendered":"\n<p><strong>Chilpancingo, Guerrero, a 25 de julio de 2021.-<\/strong> El Ayuntamiento de Chilpancingo, que encabeza Antonio Gaspar Beltr\u00e1n, determin\u00f3 cerrar la alameda Francisco Granados Maldonado y el z\u00f3calo capitalino este fin de semana, debido a que este lunes 27 de julio el sem\u00e1foro epidemiol\u00f3gico cambiar\u00e1 de amarillo a naranja, lo que significa riesgo alto de contagio.<\/p>\n\n\n\n<p>El secretario de Salud Municipal, Abraham Jim\u00e9nez Montiel, explic\u00f3 que estas acciones se llevaron a cabo como parte de la responsabilidad que se tiene ante el aumento de casos positivos de COVID19 en Chilpancingo.&nbsp;<\/p>\n\n\n\n<p>El funcionario municipal inform\u00f3 que, la Alameda se cerr\u00f3 con cinta perimetral el d\u00eda s\u00e1bado y habr\u00e1 vigilancia en todo momento, pues se necesita que esta sea un \u201c\u00e1rea protegida\u201d, debido a que ser\u00e1 el \u00fanico lugar en la capital, donde se realizar\u00e1n las pruebas COVID.<\/p>\n\n\n\n<p>Jim\u00e9nez Montiel coment\u00f3 que el z\u00f3calo se cerrar\u00e1 hoy domingo en punto de las 9 de la noche, con la finalidad de evitar que las personas utilicen este espacio y lo hagan de manera irresponsable, no usando cubrebocas y no respetando la sana distancia.<\/p>\n\n\n\n<p>Asimismo, asegur\u00f3 que se mantendr\u00e1 la vigilancia en las sucursales bancarias, y se hablar\u00e1n con los gerentes de las mismas para que mantengan el orden y eviten aglomeraciones.<\/p>\n","protected":false},"excerpt":{"rendered":"<p>Chilpancingo, Guerrero, a 25 de julio de 2021.- El Ayuntamiento de Chilpancingo, que encabeza Antonio Gaspar Beltr\u00e1n, determin\u00f3 cerrar la alameda Francisco Granados Maldonado y el z\u00f3calo capitalino este fin&hellip; <\/p>\n","protected":false},"author":1,"featured_media":35368,"comment_status":"open","ping_status":"open","sticky":false,"template":"","format":"standard","meta":{"fifu_image_url":"","fifu_image_alt":"","footnotes":""},"categories":[13],"tags":[],"class_list":["post-35367","post","type-post","status-publish","format-standard","has-post-thumbnail","hentry","category-capital"],"_links":{"self":[{"href":"https:\/\/www.interaccionnoticias.com.mx\/index.php?rest_route=\/wp\/v2\/posts\/35367","targetHints":{"allow":["GET"]}}],"collection":[{"href":"https:\/\/www.interaccionnoticias.com.mx\/index.php?rest_route=\/wp\/v2\/posts"}],"about":[{"href":"https:\/\/www.interaccionnoticias.com.mx\/index.php?rest_route=\/wp\/v2\/types\/post"}],"author":[{"embeddable":true,"href":"https:\/\/www.interaccionnoticias.com.mx\/index.php?rest_route=\/wp\/v2\/users\/1"}],"replies":[{"embeddable":true,"href":"https:\/\/www.interaccionnoticias.com.mx\/index.php?rest_route=%2Fwp%2Fv2%2Fcomments&post=35367"}],"version-history":[{"count":0,"href":"https:\/\/www.interaccionnoticias.com.mx\/index.php?rest_route=\/wp\/v2\/posts\/35367\/revisions"}],"wp:featuredmedia":[{"embeddable":true,"href":"https:\/\/www.interaccionnoticias.com.mx\/index.php?rest_route=\/wp\/v2\/media\/35368"}],"wp:attachment":[{"href":"https:\/\/www.interaccionnoticias.com.mx\/index.php?rest_route=%2Fwp%2Fv2%2Fmedia&parent=35367"}],"wp:term":[{"taxonomy":"category","embeddable":true,"href":"https:\/\/www.interaccionnoticias.com.mx\/index.php?rest_route=%2Fwp%2Fv2%2Fcategories&post=35367"},{"taxonomy":"post_tag","embeddable":true,"href":"https:\/\/www.interaccionnoticias.com.mx\/index.php?rest_route=%2Fwp%2Fv2%2Ftags&post=35367"}],"curies":[{"name":"wp","href":"https:\/\/api.w.org\/{rel}","templated":true}]}}