{"id":35362,"date":"2021-07-25T19:33:21","date_gmt":"2021-07-26T00:33:21","guid":{"rendered":"http:\/\/www.inter-accion.com.mx\/?p=35362"},"modified":"2021-07-25T19:33:21","modified_gmt":"2021-07-26T00:33:21","slug":"35362","status":"publish","type":"post","link":"https:\/\/www.interaccionnoticias.com.mx\/?p=35362","title":{"rendered":"Cierran la plaza central de Chilpancingo y alertan sobre contagios en ni\u00f1os y j\u00f3venes"},"content":{"rendered":"\n<p><strong><em>&#8211; El Cabildo pide bajar aforos en restaurantes, bares y tiendas departamentales<br>&#8211; Los ni\u00f1os no deben ir a los mercados, advierte Salud Municipal<\/em><\/strong><br><br><strong>Rogelio Agust\u00edn<\/strong><\/p>\n\n\n\n<p>El cabildo de Chilpancingo acord\u00f3 el cierre de la hist\u00f3rica plaza central Primer Congreso de An\u00e1huac, a pocas horas de que hiciera lo mismo con la alameda central Granados Maldonado, con la intenci\u00f3n de contener los contagios de Covid-19, principalmente entre j\u00f3venes y ni\u00f1os.<\/p>\n\n\n\n<p>La tarde del domingo 25 de julio, la s\u00edndica Vianey Castorena Tenorio encabez\u00f3 la conferencia de prensa que ofreci\u00f3 el cabildo de Chilpancingo, para dar a conocer las medidas que han asumido para tratar de frenar el avance de los contagios de Covid-19.<\/p>\n\n\n\n<p>El secretario de Salud municipal, Abraham Jim\u00e9nez Montiel fue quien se encarg\u00f3 de dar a conocer la determinaci\u00f3n asumida por el Cabildo, en el sentido de cerrar completamente la plaza central Primer Congreso de An\u00e1huac, por ser uno de los principales puntos de concentraci\u00f3n de habitantes de la capital de Guerrero.<\/p>\n\n\n\n<p>Jim\u00e9nez Montiel indic\u00f3 que en estos momentos, hay un incremento muy notable en materia de contagios de Covid-19, particularmente en menores de 30 a\u00f1os y ni\u00f1os, por esa raz\u00f3n es que asever\u00f3: \u201cSe van a tomar medidas muy estrictas\u201d.<\/p>\n\n\n\n<p>Hizo un llamado a la ciudadan\u00eda para tomar en serio lo que se advierte, particularmente porque se trata de cuidados que garantizan la vida de las personas.<\/p>\n\n\n\n<p>A estas alturas, dijo que Chilpancingo registra m\u00e1s de 7 mil personas contagiadas y 500 fallecidos.<br>Llam\u00f3 a los responsables de centros comerciales, tiendas departamentales, de conveniencia, bares y restaurantes a reducir sus aforos por lo menos en un 50 por ciento.<\/p>\n\n\n\n<p>Particularmente dijo que los menores de 12 a\u00f1os no deben entrar a las tiendas departamentales, pues los contagios, d\u00eda con d\u00eda est\u00e1n en aumento.<\/p>\n","protected":false},"excerpt":{"rendered":"<p>&#8211; El Cabildo pide bajar aforos en restaurantes, bares y tiendas departamentales&#8211; Los ni\u00f1os no deben ir a los mercados, advierte Salud Municipal Rogelio Agust\u00edn El cabildo de Chilpancingo acord\u00f3&hellip; <\/p>\n","protected":false},"author":1,"featured_media":35363,"comment_status":"open","ping_status":"open","sticky":false,"template":"","format":"standard","meta":{"fifu_image_url":"","fifu_image_alt":"","footnotes":""},"categories":[3],"tags":[],"class_list":["post-35362","post","type-post","status-publish","format-standard","has-post-thumbnail","hentry","category-covid-19"],"_links":{"self":[{"href":"https:\/\/www.interaccionnoticias.com.mx\/index.php?rest_route=\/wp\/v2\/posts\/35362","targetHints":{"allow":["GET"]}}],"collection":[{"href":"https:\/\/www.interaccionnoticias.com.mx\/index.php?rest_route=\/wp\/v2\/posts"}],"about":[{"href":"https:\/\/www.interaccionnoticias.com.mx\/index.php?rest_route=\/wp\/v2\/types\/post"}],"author":[{"embeddable":true,"href":"https:\/\/www.interaccionnoticias.com.mx\/index.php?rest_route=\/wp\/v2\/users\/1"}],"replies":[{"embeddable":true,"href":"https:\/\/www.interaccionnoticias.com.mx\/index.php?rest_route=%2Fwp%2Fv2%2Fcomments&post=35362"}],"version-history":[{"count":0,"href":"https:\/\/www.interaccionnoticias.com.mx\/index.php?rest_route=\/wp\/v2\/posts\/35362\/revisions"}],"wp:featuredmedia":[{"embeddable":true,"href":"https:\/\/www.interaccionnoticias.com.mx\/index.php?rest_route=\/wp\/v2\/media\/35363"}],"wp:attachment":[{"href":"https:\/\/www.interaccionnoticias.com.mx\/index.php?rest_route=%2Fwp%2Fv2%2Fmedia&parent=35362"}],"wp:term":[{"taxonomy":"category","embeddable":true,"href":"https:\/\/www.interaccionnoticias.com.mx\/index.php?rest_route=%2Fwp%2Fv2%2Fcategories&post=35362"},{"taxonomy":"post_tag","embeddable":true,"href":"https:\/\/www.interaccionnoticias.com.mx\/index.php?rest_route=%2Fwp%2Fv2%2Ftags&post=35362"}],"curies":[{"name":"wp","href":"https:\/\/api.w.org\/{rel}","templated":true}]}}