{"id":35359,"date":"2021-07-25T19:12:16","date_gmt":"2021-07-26T00:12:16","guid":{"rendered":"http:\/\/www.inter-accion.com.mx\/?p=35359"},"modified":"2021-07-25T19:12:16","modified_gmt":"2021-07-26T00:12:16","slug":"35359","status":"publish","type":"post","link":"https:\/\/www.interaccionnoticias.com.mx\/?p=35359","title":{"rendered":"Apoya el gobierno porte\u00f1o a fallecidos por Covid-19"},"content":{"rendered":"\n<p><strong><em>&#8211; Se alistan 200 espacios: GSM<\/em><\/strong><\/p>\n\n\n\n<p><strong>Javier Trujillo<\/strong><\/p>\n\n\n\n<p>Acapulco, Gro.- Ante el aumento de contagios y muerte por Covid-19, el gobierno de Acapulco, se previene y habilitar 200 nuevos espacios gratuitos para la inhumaci\u00f3n de personas de escasos recursos fallecidos por la pandemia.<\/p>\n\n\n\n<p>El director de la dependencia, Gerardo S\u00e1nchez Meza, se\u00f1al\u00f3 que, de acuerdo con registros, de febrero a la primera semana de julio hubo un promedio de 60 personas fallecidas; mientras que del 9 al 16 de julio se solicitaron 96 permisos de inhumaci\u00f3n en panteones municipales.<\/p>\n\n\n\n<p>Detall\u00f3 que del total de muertes al menos 23 fueron debido al contagio del Coronavirus. Sin embargo, del 16 al 22 de julio las solicitudes aumentaron a 120, de estas un total de 54 fueron como consecuencia del virus del SAR-CoV2.<\/p>\n\n\n\n<p>S\u00e1nchez Meza, aclar\u00f3 que actualmente hay suficiente capacidad para realizar sepulturas, pero adelant\u00f3 que ya se est\u00e1n haciendo las solicitudes para preparar otro espacio en los terrenos del pante\u00f3n El Palmar.<\/p>\n\n\n\n<p>Record\u00f3 que la primera etapa, que fue hace un a\u00f1o, se habilitaron un total de 315 fosas y ya quedaron ocupadas. La segunda fue en enero, donde se aperturaron 250.<\/p>\n\n\n\n<p>\u201cYa se hizo la solicitud para habilitar un espacio en el pante\u00f3n de El Palmar, con un aproximado de 200 tumbas independientes, para as\u00ed estar preparados en caso de que sigan incrementando los decesos por Coronavirus\u201d, dijo S\u00e1nchez Meza.<\/p>\n\n\n\n<p>Precis\u00f3 que el gobierno porte\u00f1o siempre se ha mostrado sensible y preocupado ante la pandemia que afecta a los acapulque\u00f1os, sobre todo, a los m\u00e1s vulnerables, por lo que reiter\u00f3 que, ante alg\u00fan fallecimiento por Covid-19, se apoya a la gente con la excepci\u00f3n de pagos de guardia y custodia, en el terreno y el permiso de la inhumaci\u00f3n.<\/p>\n","protected":false},"excerpt":{"rendered":"<p>&#8211; Se alistan 200 espacios: GSM Javier Trujillo Acapulco, Gro.- Ante el aumento de contagios y muerte por Covid-19, el gobierno de Acapulco, se previene y habilitar 200 nuevos espacios&hellip; <\/p>\n","protected":false},"author":1,"featured_media":35358,"comment_status":"open","ping_status":"open","sticky":false,"template":"","format":"standard","meta":{"fifu_image_url":"","fifu_image_alt":"","footnotes":""},"categories":[3],"tags":[],"class_list":["post-35359","post","type-post","status-publish","format-standard","has-post-thumbnail","hentry","category-covid-19"],"_links":{"self":[{"href":"https:\/\/www.interaccionnoticias.com.mx\/index.php?rest_route=\/wp\/v2\/posts\/35359","targetHints":{"allow":["GET"]}}],"collection":[{"href":"https:\/\/www.interaccionnoticias.com.mx\/index.php?rest_route=\/wp\/v2\/posts"}],"about":[{"href":"https:\/\/www.interaccionnoticias.com.mx\/index.php?rest_route=\/wp\/v2\/types\/post"}],"author":[{"embeddable":true,"href":"https:\/\/www.interaccionnoticias.com.mx\/index.php?rest_route=\/wp\/v2\/users\/1"}],"replies":[{"embeddable":true,"href":"https:\/\/www.interaccionnoticias.com.mx\/index.php?rest_route=%2Fwp%2Fv2%2Fcomments&post=35359"}],"version-history":[{"count":0,"href":"https:\/\/www.interaccionnoticias.com.mx\/index.php?rest_route=\/wp\/v2\/posts\/35359\/revisions"}],"wp:featuredmedia":[{"embeddable":true,"href":"https:\/\/www.interaccionnoticias.com.mx\/index.php?rest_route=\/wp\/v2\/media\/35358"}],"wp:attachment":[{"href":"https:\/\/www.interaccionnoticias.com.mx\/index.php?rest_route=%2Fwp%2Fv2%2Fmedia&parent=35359"}],"wp:term":[{"taxonomy":"category","embeddable":true,"href":"https:\/\/www.interaccionnoticias.com.mx\/index.php?rest_route=%2Fwp%2Fv2%2Fcategories&post=35359"},{"taxonomy":"post_tag","embeddable":true,"href":"https:\/\/www.interaccionnoticias.com.mx\/index.php?rest_route=%2Fwp%2Fv2%2Ftags&post=35359"}],"curies":[{"name":"wp","href":"https:\/\/api.w.org\/{rel}","templated":true}]}}