{"id":35344,"date":"2021-07-24T11:54:36","date_gmt":"2021-07-24T16:54:36","guid":{"rendered":"http:\/\/www.inter-accion.com.mx\/?p=35344"},"modified":"2021-07-24T11:54:36","modified_gmt":"2021-07-24T16:54:36","slug":"35344","status":"publish","type":"post","link":"https:\/\/www.interaccionnoticias.com.mx\/?p=35344","title":{"rendered":"Para evitar contagios, cierran la alameda central de Chilpancingo"},"content":{"rendered":"\n<p><strong><em>&#8211; La resguardan polic\u00edas preventivos<\/em><\/strong><\/p>\n\n\n\n<p><strong>Rogelio Agust\u00edn<\/strong><\/p>\n\n\n\n<p>Como parte de las acciones encaminadas a mitigar los contagios de Covid-19 en Chilpancingo, el Ayuntamiento llev\u00f3 a cabo el cierre de la alameda Francisco Granados Maldonado.<\/p>\n\n\n\n<p>El cierre de dicho espacio fue realizado por personal de la Secretar\u00eda de Seguridad P\u00fablica (SSP) municipal, que colocaron estructuras de metal y cintas color amarillo, para restringir el paso.<\/p>\n\n\n\n<p>El acceso a este espacio p\u00fablico donde se ubica un m\u00f3dulo de pruebas Covid, est\u00e1 siendo controlado por la Secretar\u00eda de Salud municipal en coordinaci\u00f3n con otras dependencias, para brindar mayor agilidad y mejor servicio a la ciudadan\u00eda.<\/p>\n\n\n\n<p>Se analiza tambi\u00e9n la posibilidad de cerrar la plaza central Primer Congreso de An\u00e1huac.<\/p>\n","protected":false},"excerpt":{"rendered":"<p>&#8211; La resguardan polic\u00edas preventivos Rogelio Agust\u00edn Como parte de las acciones encaminadas a mitigar los contagios de Covid-19 en Chilpancingo, el Ayuntamiento llev\u00f3 a cabo el cierre de la&hellip; <\/p>\n","protected":false},"author":1,"featured_media":35343,"comment_status":"open","ping_status":"open","sticky":false,"template":"","format":"standard","meta":{"fifu_image_url":"","fifu_image_alt":"","footnotes":""},"categories":[3],"tags":[],"class_list":["post-35344","post","type-post","status-publish","format-standard","has-post-thumbnail","hentry","category-covid-19"],"_links":{"self":[{"href":"https:\/\/www.interaccionnoticias.com.mx\/index.php?rest_route=\/wp\/v2\/posts\/35344","targetHints":{"allow":["GET"]}}],"collection":[{"href":"https:\/\/www.interaccionnoticias.com.mx\/index.php?rest_route=\/wp\/v2\/posts"}],"about":[{"href":"https:\/\/www.interaccionnoticias.com.mx\/index.php?rest_route=\/wp\/v2\/types\/post"}],"author":[{"embeddable":true,"href":"https:\/\/www.interaccionnoticias.com.mx\/index.php?rest_route=\/wp\/v2\/users\/1"}],"replies":[{"embeddable":true,"href":"https:\/\/www.interaccionnoticias.com.mx\/index.php?rest_route=%2Fwp%2Fv2%2Fcomments&post=35344"}],"version-history":[{"count":0,"href":"https:\/\/www.interaccionnoticias.com.mx\/index.php?rest_route=\/wp\/v2\/posts\/35344\/revisions"}],"wp:featuredmedia":[{"embeddable":true,"href":"https:\/\/www.interaccionnoticias.com.mx\/index.php?rest_route=\/wp\/v2\/media\/35343"}],"wp:attachment":[{"href":"https:\/\/www.interaccionnoticias.com.mx\/index.php?rest_route=%2Fwp%2Fv2%2Fmedia&parent=35344"}],"wp:term":[{"taxonomy":"category","embeddable":true,"href":"https:\/\/www.interaccionnoticias.com.mx\/index.php?rest_route=%2Fwp%2Fv2%2Fcategories&post=35344"},{"taxonomy":"post_tag","embeddable":true,"href":"https:\/\/www.interaccionnoticias.com.mx\/index.php?rest_route=%2Fwp%2Fv2%2Ftags&post=35344"}],"curies":[{"name":"wp","href":"https:\/\/api.w.org\/{rel}","templated":true}]}}