{"id":35222,"date":"2021-07-20T14:15:59","date_gmt":"2021-07-20T19:15:59","guid":{"rendered":"http:\/\/www.inter-accion.com.mx\/?p=35222"},"modified":"2021-07-20T14:15:59","modified_gmt":"2021-07-20T19:15:59","slug":"35222","status":"publish","type":"post","link":"https:\/\/www.interaccionnoticias.com.mx\/?p=35222","title":{"rendered":"TEE declara Infundada la impugancion de PRI-PRD en la elecci\u00f3n a la gubernatura de Guerrero"},"content":{"rendered":"\n<p><strong><em>&#8211; El \u00f3rgano jurisdiccional ratifica la constancia de mayor\u00eda otorgada a favor de Evelyn Salgado Pineda<\/em><\/strong><\/p>\n\n\n\n<p><strong>Vianey Ponce<\/strong><\/p>\n\n\n\n<p>El pleno del Tribunal Electoral del Estado (TEE) declar\u00f3 infundada la impugnaci\u00f3n promovida por la coalici\u00f3n PRI-PRD en la elecci\u00f3n del 6 de junio, por lo que ratific\u00f3 la constancia de mayor\u00eda que reconoce a la morenista Evelyn Salgado Pineda como gobernadora electa de Guerrero.<\/p>\n\n\n\n<p>La resoluci\u00f3n de TEE fue votada por unanimidad, lo que deja sin efecto la impugnaci\u00f3n presentada por la coalici\u00f3n que impuls\u00f3 al dos veces alcalde de Chilpancingo, Mario Moreno Arcos como candidato a la gubernatura.<\/p>\n\n\n\n<p>La impugnaci\u00f3n estaba sustentada en dos agravios especificos:<\/p>\n\n\n\n<p>El primer elemento por el que se ped\u00eda la nulidad de la elecci\u00f3n, fue que se rompi\u00f3 el principio de neutralidad y equidad, derivado de las intervenciones en el proceso electoral por parte presidente de la Rep\u00fablica, Andr\u00e9s Manuel L\u00f3pez, particularmente en sus conferencias matutinas.<\/p>\n\n\n\n<p>El segundo consist\u00eda en la presunta inelegibilidad de la candidata de Morena, Evelyn Salgado Pineda, por no haber sido parte del proceso interno de selecci\u00f3n de su partido.<\/p>\n\n\n\n<p>Para los magistrados electorales de Guerrero, dichos argumentos no fueron debidamente acreditados y m\u00e1s a\u00fan, no tuvieron el peso determinado para revocar la constancia de mayor\u00eda emitida por el Instituto Electoral y de Participaci\u00f3n Ciudadana (IEPC).<\/p>\n","protected":false},"excerpt":{"rendered":"<p>&#8211; El \u00f3rgano jurisdiccional ratifica la constancia de mayor\u00eda otorgada a favor de Evelyn Salgado Pineda Vianey Ponce El pleno del Tribunal Electoral del Estado (TEE) declar\u00f3 infundada la impugnaci\u00f3n&hellip; <\/p>\n","protected":false},"author":1,"featured_media":35221,"comment_status":"open","ping_status":"open","sticky":false,"template":"","format":"standard","meta":{"fifu_image_url":"","fifu_image_alt":"","footnotes":""},"categories":[17],"tags":[],"class_list":["post-35222","post","type-post","status-publish","format-standard","has-post-thumbnail","hentry","category-organos-electorales"],"_links":{"self":[{"href":"https:\/\/www.interaccionnoticias.com.mx\/index.php?rest_route=\/wp\/v2\/posts\/35222","targetHints":{"allow":["GET"]}}],"collection":[{"href":"https:\/\/www.interaccionnoticias.com.mx\/index.php?rest_route=\/wp\/v2\/posts"}],"about":[{"href":"https:\/\/www.interaccionnoticias.com.mx\/index.php?rest_route=\/wp\/v2\/types\/post"}],"author":[{"embeddable":true,"href":"https:\/\/www.interaccionnoticias.com.mx\/index.php?rest_route=\/wp\/v2\/users\/1"}],"replies":[{"embeddable":true,"href":"https:\/\/www.interaccionnoticias.com.mx\/index.php?rest_route=%2Fwp%2Fv2%2Fcomments&post=35222"}],"version-history":[{"count":0,"href":"https:\/\/www.interaccionnoticias.com.mx\/index.php?rest_route=\/wp\/v2\/posts\/35222\/revisions"}],"wp:featuredmedia":[{"embeddable":true,"href":"https:\/\/www.interaccionnoticias.com.mx\/index.php?rest_route=\/wp\/v2\/media\/35221"}],"wp:attachment":[{"href":"https:\/\/www.interaccionnoticias.com.mx\/index.php?rest_route=%2Fwp%2Fv2%2Fmedia&parent=35222"}],"wp:term":[{"taxonomy":"category","embeddable":true,"href":"https:\/\/www.interaccionnoticias.com.mx\/index.php?rest_route=%2Fwp%2Fv2%2Fcategories&post=35222"},{"taxonomy":"post_tag","embeddable":true,"href":"https:\/\/www.interaccionnoticias.com.mx\/index.php?rest_route=%2Fwp%2Fv2%2Ftags&post=35222"}],"curies":[{"name":"wp","href":"https:\/\/api.w.org\/{rel}","templated":true}]}}