{"id":35215,"date":"2021-07-19T21:45:45","date_gmt":"2021-07-20T02:45:45","guid":{"rendered":"http:\/\/www.inter-accion.com.mx\/?p=35215"},"modified":"2021-07-19T21:45:45","modified_gmt":"2021-07-20T02:45:45","slug":"35215","status":"publish","type":"post","link":"https:\/\/www.interaccionnoticias.com.mx\/?p=35215","title":{"rendered":"Reforzar\u00e1 Ayuntamiento de Chilpancingo medidas ante el COVID-19"},"content":{"rendered":"\n<p><strong><em>Chilpancingo, Guerrero, a 19 de julio de 2021.-<\/em><\/strong> El presidente municipal de Chilpancingo, Antonio Gaspar Beltr\u00e1n, hizo un llamado a los capitalinos a reforzar las medidas preventivas, ante el cambio en el sem\u00e1foro de la salud de verde a amarillo.<\/p>\n\n\n\n<p>Luego del anuncio del gobernador del estado de Guerrero, H\u00e9ctor Astudillo Flores, en donde inform\u00f3 de los nuevos lineamientos que se deber\u00e1n de acatar en establecimientos y negocios, ante el incremento de casos de Covid-19, el primer edil indic\u00f3 que instruy\u00f3 a las \u00e1reas operativas del Ayuntamiento a reforzar los operativos de vigilancia y concientizaci\u00f3n.<\/p>\n\n\n\n<p>Gaspar Beltr\u00e1n inform\u00f3 que solicit\u00f3 al subsecretario de Tr\u00e1nsito y Vialidad de Chilpancingo, Jos\u00e9 Agust\u00edn Maldonado Garc\u00eda a reforzar los operativos en el transporte p\u00fablico, el cual es considerado un espacio de \u201calto riesgo de contagio\u201d.<\/p>\n\n\n\n<p>El alcalde coment\u00f3 que tambi\u00e9n sostuvo una reuni\u00f3n con el encargado de despacho de la Direcci\u00f3n de Gobernaci\u00f3n Municipal, Gustavo Uriel Jim\u00e9nez \u00c1valos para que supervise los supermercados, tiendas de autoservicio, departamentales, almacenes, centros comerciales, barberias y est\u00e9ticas, en donde se permitir\u00e1 un aforo total del 50% y se reducir\u00e1 el horario hasta las 20:00 horas, este mismo horario ser\u00e1 aplicado a la venta de bebidas alcoh\u00f3licas.<\/p>\n\n\n\n<p>El mun\u00edcipe inform\u00f3 que los mercados, tianguis, bazares y mercados sobre ruedas contar\u00e1n con un horario menor de servicio, que va de las 05:00 a las 16:00 horas, permitiendo tan s\u00f3lo la mitad de su aforo total.<\/p>\n\n\n\n<p>En el caso de las plazas c\u00edvicas, jardines, parques , grutas, zonas arqueol\u00f3gicas, polideportivos y zool\u00f3gicos se contar\u00e1 con un horario de las 7:00 a las 19:00 horas con un 50% de su capacidad.<\/p>\n","protected":false},"excerpt":{"rendered":"<p>Chilpancingo, Guerrero, a 19 de julio de 2021.- El presidente municipal de Chilpancingo, Antonio Gaspar Beltr\u00e1n, hizo un llamado a los capitalinos a reforzar las medidas preventivas, ante el cambio&hellip; <\/p>\n","protected":false},"author":1,"featured_media":35216,"comment_status":"open","ping_status":"open","sticky":false,"template":"","format":"standard","meta":{"fifu_image_url":"","fifu_image_alt":"","footnotes":""},"categories":[13],"tags":[],"class_list":["post-35215","post","type-post","status-publish","format-standard","has-post-thumbnail","hentry","category-capital"],"_links":{"self":[{"href":"https:\/\/www.interaccionnoticias.com.mx\/index.php?rest_route=\/wp\/v2\/posts\/35215","targetHints":{"allow":["GET"]}}],"collection":[{"href":"https:\/\/www.interaccionnoticias.com.mx\/index.php?rest_route=\/wp\/v2\/posts"}],"about":[{"href":"https:\/\/www.interaccionnoticias.com.mx\/index.php?rest_route=\/wp\/v2\/types\/post"}],"author":[{"embeddable":true,"href":"https:\/\/www.interaccionnoticias.com.mx\/index.php?rest_route=\/wp\/v2\/users\/1"}],"replies":[{"embeddable":true,"href":"https:\/\/www.interaccionnoticias.com.mx\/index.php?rest_route=%2Fwp%2Fv2%2Fcomments&post=35215"}],"version-history":[{"count":0,"href":"https:\/\/www.interaccionnoticias.com.mx\/index.php?rest_route=\/wp\/v2\/posts\/35215\/revisions"}],"wp:featuredmedia":[{"embeddable":true,"href":"https:\/\/www.interaccionnoticias.com.mx\/index.php?rest_route=\/wp\/v2\/media\/35216"}],"wp:attachment":[{"href":"https:\/\/www.interaccionnoticias.com.mx\/index.php?rest_route=%2Fwp%2Fv2%2Fmedia&parent=35215"}],"wp:term":[{"taxonomy":"category","embeddable":true,"href":"https:\/\/www.interaccionnoticias.com.mx\/index.php?rest_route=%2Fwp%2Fv2%2Fcategories&post=35215"},{"taxonomy":"post_tag","embeddable":true,"href":"https:\/\/www.interaccionnoticias.com.mx\/index.php?rest_route=%2Fwp%2Fv2%2Ftags&post=35215"}],"curies":[{"name":"wp","href":"https:\/\/api.w.org\/{rel}","templated":true}]}}