{"id":35205,"date":"2021-07-19T19:52:17","date_gmt":"2021-07-20T00:52:17","guid":{"rendered":"http:\/\/www.inter-accion.com.mx\/?p=35205"},"modified":"2021-07-19T19:52:17","modified_gmt":"2021-07-20T00:52:17","slug":"35205","status":"publish","type":"post","link":"https:\/\/www.interaccionnoticias.com.mx\/?p=35205","title":{"rendered":"Ya est\u00e1n en Guerrero papeletas y documentaci\u00f3n para la Cosulta Popular"},"content":{"rendered":"\n<p><em><strong>&#8211; El 1 de agosto habr\u00e1 Conteo R\u00e1pido para dar a conocer la tendencia de los resultados, anticipa el INE-Guerrero<\/strong><\/em><\/p>\n\n\n\n<p><strong>Vianey Ponce<\/strong><\/p>\n\n\n\n<p>A 12 d\u00edas de que se desarrolle la primer Consulta Popular Nacional, la junta local del Instituto Nacional Electoral (INE) ya tiene en su poder la documentaci\u00f3n y papeler\u00eda que se utilizar\u00e1 para recibir la opini\u00f3n ciudadana el 1 de agosto.<\/p>\n\n\n\n<p>Tambi\u00e9n, se inform\u00f3 que al igual que en la eleccion para la gubernatura, el d\u00eda de la jornada de recepci\u00f3n de opiniones se contar\u00e1 con un Sistema de Resultados Preliminares mediante el Conteo R\u00e1pido, para anunciar las tendencias que se generen en dicho ejercicio democr\u00e1tico.<\/p>\n\n\n\n<p>Este lunes 19 de julio, arrib\u00f3 al estado la documentaci\u00f3n y papeler\u00eda con la que la que se podr\u00e1 participar en la consulta popular.<\/p>\n\n\n\n<p>El material que comprende papeletas y materiales como el l\u00edquido indeleble, se encuentra bajo el resguardo del INE, en la Junta Distrital 07 en la capital del estado.<\/p>\n\n\n\n<p>Se espera que a partir del d\u00eda de ma\u00f1ana, 20 de julio, se comience a distribuir en cada una de las nueve juntas distritales federales, mediante las cuales se realizar\u00e1 la jornada del levantamiento de opini\u00f3n, a efecto de que se cuenten, sellen las papeletas y se realice la identificaci\u00f3n del municipio al que corresponden.<\/p>\n\n\n\n<p>La Vocal de Organizaci\u00f3n Electoral, Silvia Meza Cer\u00f3n, quien estuvo a cargo de la recepci\u00f3n del material, confirm\u00f3 que ese d\u00eda se contar\u00e1 con un Sistema de Conteo R\u00e1pido, lo anterior como parte de un acuerdo parte del Consejo General aprobado el pasado 14 de junio, en torno a la informaci\u00f3n preliminar que se suscite.<\/p>\n\n\n\n<p>\u00abDe esta manera, se dar\u00e1n a conocer las tendencias, con el objetivo de que la ciudadan\u00eda cuente con datos oportunos y objetivos\u00bb, puntualiz\u00f3.<\/p>\n\n\n\n<p>En cuanto al dise\u00f1o de las papeletas, detall\u00f3 que al igual que la Lista Nominal Electoral de la Consulta Popular (integrada con corte al 7 de junio) contiene medidas de seguridad para evitar su falsificaci\u00f3n.<\/p>\n\n\n\n<p>Reiter\u00f3 que se podr\u00e1 participar con certeza y confianza.<\/p>\n\n\n\n<p>As\u00ed mismo, explic\u00f3 que \u00abel papel contiene una breve descripci\u00f3n del tema, la pregunta aprobada en la convocatoria (emitida por el Congreso de la Uni\u00f3n), cuadros para votar con las opciones lac\u00f3nicas: \u201cS\u00ed\u201d o \u201cNo\u201d, entidad, distrito y municipio o alcald\u00eda donde se emite el voto, as\u00ed como las firmas del Presidente del Consejo General del INE y el Secretario Ejecutivo\u00bb.<\/p>\n\n\n\n<p>La funcionaria electoral record\u00f3 que para generar ahorros en este ejercicio, se reutilizar\u00e1n materiales y equipamiento de la pasada Jornada Electoral del 6 de junio: mamparas, urnas, l\u00edquido indeleble, crayones y dem\u00e1s papeler\u00eda.<\/p>\n\n\n\n<p>El INE reiter\u00f3 que para ser parte de la consulta ser\u00e1 necesario contar con credencial para votar, ser parte del Listado Nominal o presentar una sentencia favorable del Tribunal Electoral del Poder Judicial de la Federaci\u00f3n.<\/p>\n","protected":false},"excerpt":{"rendered":"<p>&#8211; El 1 de agosto habr\u00e1 Conteo R\u00e1pido para dar a conocer la tendencia de los resultados, anticipa el INE-Guerrero Vianey Ponce A 12 d\u00edas de que se desarrolle la&hellip; <\/p>\n","protected":false},"author":1,"featured_media":35206,"comment_status":"open","ping_status":"open","sticky":false,"template":"","format":"standard","meta":{"fifu_image_url":"","fifu_image_alt":"","footnotes":""},"categories":[17],"tags":[],"class_list":["post-35205","post","type-post","status-publish","format-standard","has-post-thumbnail","hentry","category-organos-electorales"],"_links":{"self":[{"href":"https:\/\/www.interaccionnoticias.com.mx\/index.php?rest_route=\/wp\/v2\/posts\/35205","targetHints":{"allow":["GET"]}}],"collection":[{"href":"https:\/\/www.interaccionnoticias.com.mx\/index.php?rest_route=\/wp\/v2\/posts"}],"about":[{"href":"https:\/\/www.interaccionnoticias.com.mx\/index.php?rest_route=\/wp\/v2\/types\/post"}],"author":[{"embeddable":true,"href":"https:\/\/www.interaccionnoticias.com.mx\/index.php?rest_route=\/wp\/v2\/users\/1"}],"replies":[{"embeddable":true,"href":"https:\/\/www.interaccionnoticias.com.mx\/index.php?rest_route=%2Fwp%2Fv2%2Fcomments&post=35205"}],"version-history":[{"count":0,"href":"https:\/\/www.interaccionnoticias.com.mx\/index.php?rest_route=\/wp\/v2\/posts\/35205\/revisions"}],"wp:featuredmedia":[{"embeddable":true,"href":"https:\/\/www.interaccionnoticias.com.mx\/index.php?rest_route=\/wp\/v2\/media\/35206"}],"wp:attachment":[{"href":"https:\/\/www.interaccionnoticias.com.mx\/index.php?rest_route=%2Fwp%2Fv2%2Fmedia&parent=35205"}],"wp:term":[{"taxonomy":"category","embeddable":true,"href":"https:\/\/www.interaccionnoticias.com.mx\/index.php?rest_route=%2Fwp%2Fv2%2Fcategories&post=35205"},{"taxonomy":"post_tag","embeddable":true,"href":"https:\/\/www.interaccionnoticias.com.mx\/index.php?rest_route=%2Fwp%2Fv2%2Ftags&post=35205"}],"curies":[{"name":"wp","href":"https:\/\/api.w.org\/{rel}","templated":true}]}}