{"id":35200,"date":"2021-07-19T19:07:53","date_gmt":"2021-07-20T00:07:53","guid":{"rendered":"http:\/\/www.inter-accion.com.mx\/?p=35200"},"modified":"2021-07-19T19:07:53","modified_gmt":"2021-07-20T00:07:53","slug":"35200","status":"publish","type":"post","link":"https:\/\/www.interaccionnoticias.com.mx\/?p=35200","title":{"rendered":"PRD: Conflicto sindical retrasa procedimientos legislativos de alto impacto"},"content":{"rendered":"\n<p><strong><em>&#8211; Como el nombramiento del nuevo titular de la ASE y la preparaci\u00f3n de la Glosa del Sexto Informe de labores<\/em><\/strong><\/p>\n\n\n\n<p><strong>Rogelio Agust\u00edn<\/strong><\/p>\n\n\n\n<p>El coordinador de la fracci\u00f3n parlamentaria del Congreso local, Bernardo Ortega Jim\u00e9nez advirti\u00f3 que el paro que mantienen los trabajadores sindicalizados puede afectar varios procedimientos que se encuentran en tr\u00e1mite, entre ellos la designaci\u00f3n del nuevo titular de la Auditor\u00eda Superior del Estado (ASE) y la glosa del Sexto Informe de Gobierno.<\/p>\n\n\n\n<p>Ortega Jim\u00e9nez, se\u00f1al\u00f3 que hasta el momento, el presidente de la Jucopo, Alfredo S\u00e1nchez Esquivel no ha solicitado el apoyo de las dem\u00e1s fuerzas pol\u00edticas para tratar de resolver el conflicto que enfrenta con los trabajadores sindicalizados, que mantienen tomado al Congreso.<\/p>\n\n\n\n<p>Ante la par\u00e1lisis que se vive, indic\u00f3 que las decisiones que se han tomado sobre el tema, corresponden \u00fanicamente al tambi\u00e9n coordinador de la fracci\u00f3n parlamentaria de Morena.<\/p>\n\n\n\n<p>Ante la toma de las instalaciones del Congreso, que comenz\u00f3 la tarde del mi\u00e9rcoles 14 de julio, las sesiones de Pleno se han realizado en un sal\u00f3n de fiestas, sin embargo, hay asuntos que se deben desahogar en las instalaciones del Poder legislativo.<\/p>\n\n\n\n<p>Por ejemplo, dijo que la jornada del viernes 16 de julio, venci\u00f3 el plazo establecido en la convocatoria para recibir la relaci\u00f3n de aspirantes a ocupar la titularidad de la Auditor\u00eda Superior del Estado (ASE).<\/p>\n\n\n\n<p>Indic\u00f3 que hay algunos requisitos que se deben tomar en cuenta, como el hecho de que ninguno de los aspirantes haya estado en cargos en los que tuvieran bajo su responsabilidad el manejo de recursos p\u00fablicos con dos a\u00f1os de anticipaci\u00f3n a la emisi\u00f3n de la convocatoria.<\/p>\n\n\n\n<p>Coment\u00f3 que se espera que la jornada del martes 20, cuando se re\u00fanan la Jucopo y la Conferencia del Congreso, se les d\u00e9 a conocer la relaci\u00f3n de aspirantes, para tener claro cuantos y quienes son, pero principalmente, que cumplan con los requisitos que establece la ley.<\/p>\n\n\n\n<p>Si hay alguien que haya ocupado un cargo, en cualquiera de los tres niveles de gobierno y que haya manejado recursos, anticip\u00f3 que estar\u00e1 incurriendo en el error de querer burlarse del Congreso, pues legalmente estar\u00e1 impedido.<\/p>\n\n\n\n<p>Respecto al conflicto, Ortega Jim\u00e9nez se\u00f1al\u00f3 que el manejo de la crisis actual ha estado en manos del presidente de la Jucopo, que no ha llamado a las dem\u00e1s fuerzas pol\u00edticas.<\/p>\n\n\n\n<p>\u201cSi nos llaman de manera formal, pudi\u00e9ramos estar y coadyuvar en la b\u00fasqueda de una soluci\u00f3n, pero hasta el momento no lo ha hecho, aunque urge que esto se resuelva cuanto antes\u201d, destac\u00f3.<\/p>\n\n\n\n<p>Record\u00f3 que adem\u00e1s del caso de la ASE hay otros procedimientos que son importantes, pero que no se han desahogado por diversas situaciones, como el nombramiento de comisionados en el Instituto de Transparencia y Acceso a la Informaci\u00f3n (IAIGRO), el nombramiento de un integrante del Consejo de la Judicatura y entre otros, preparar la glosa del Sexto y \u00faltimo informe de labores, ya que el jefe del Ejecutivo local no pudo acudir ante el Pleno, como lo ten\u00eda considerado originalmente.<\/p>\n\n\n\n<p>Por esa raz\u00f3n, destac\u00f3 que se puede considerar como urgente la soluci\u00f3n al conflicto que el presidente de la Jucopo tiene con los trabajadores sindicalizados.<\/p>\n","protected":false},"excerpt":{"rendered":"<p>&#8211; Como el nombramiento del nuevo titular de la ASE y la preparaci\u00f3n de la Glosa del Sexto Informe de labores Rogelio Agust\u00edn El coordinador de la fracci\u00f3n parlamentaria del&hellip; <\/p>\n","protected":false},"author":1,"featured_media":35201,"comment_status":"open","ping_status":"open","sticky":false,"template":"","format":"standard","meta":{"fifu_image_url":"","fifu_image_alt":"","footnotes":""},"categories":[2],"tags":[],"class_list":["post-35200","post","type-post","status-publish","format-standard","has-post-thumbnail","hentry","category-congreso"],"_links":{"self":[{"href":"https:\/\/www.interaccionnoticias.com.mx\/index.php?rest_route=\/wp\/v2\/posts\/35200","targetHints":{"allow":["GET"]}}],"collection":[{"href":"https:\/\/www.interaccionnoticias.com.mx\/index.php?rest_route=\/wp\/v2\/posts"}],"about":[{"href":"https:\/\/www.interaccionnoticias.com.mx\/index.php?rest_route=\/wp\/v2\/types\/post"}],"author":[{"embeddable":true,"href":"https:\/\/www.interaccionnoticias.com.mx\/index.php?rest_route=\/wp\/v2\/users\/1"}],"replies":[{"embeddable":true,"href":"https:\/\/www.interaccionnoticias.com.mx\/index.php?rest_route=%2Fwp%2Fv2%2Fcomments&post=35200"}],"version-history":[{"count":0,"href":"https:\/\/www.interaccionnoticias.com.mx\/index.php?rest_route=\/wp\/v2\/posts\/35200\/revisions"}],"wp:featuredmedia":[{"embeddable":true,"href":"https:\/\/www.interaccionnoticias.com.mx\/index.php?rest_route=\/wp\/v2\/media\/35201"}],"wp:attachment":[{"href":"https:\/\/www.interaccionnoticias.com.mx\/index.php?rest_route=%2Fwp%2Fv2%2Fmedia&parent=35200"}],"wp:term":[{"taxonomy":"category","embeddable":true,"href":"https:\/\/www.interaccionnoticias.com.mx\/index.php?rest_route=%2Fwp%2Fv2%2Fcategories&post=35200"},{"taxonomy":"post_tag","embeddable":true,"href":"https:\/\/www.interaccionnoticias.com.mx\/index.php?rest_route=%2Fwp%2Fv2%2Ftags&post=35200"}],"curies":[{"name":"wp","href":"https:\/\/api.w.org\/{rel}","templated":true}]}}