{"id":35189,"date":"2021-07-19T17:06:17","date_gmt":"2021-07-19T22:06:17","guid":{"rendered":"http:\/\/www.inter-accion.com.mx\/?p=35189"},"modified":"2021-07-19T17:06:17","modified_gmt":"2021-07-19T22:06:17","slug":"35189","status":"publish","type":"post","link":"https:\/\/www.interaccionnoticias.com.mx\/?p=35189","title":{"rendered":"Transportistas se quejan de la inseguridad en Acapulco"},"content":{"rendered":"\n<p><strong><em>&#8211; Aseguran que son extorsionados y asaltados\u00a0<br>&#8211; Los hechos ocurren en plena costera Miguel Alem\u00e1n<\/em><\/strong>\u00a0<br>\u00a0<br><strong>Javier Trujillo\u00a0<br><\/strong>\u00a0<br><strong>Acapulco, Gro. \u2013 <\/strong>Unas 15 unidades del transporte p\u00fablico de la ruta Caleta-Base, realizan una protesta y se manifiestan en el bulevar de Las Naciones, zona Diamante del puerto de Acapulco, exigen seguridad. \u00a0<\/p>\n\n\n\n<p>Los manifestantes, son choferes de las unidades quienes denuncian haber sido v\u00edctimas de robos, asaltos, y quema de camiones, como el siete de julio sucedi\u00f3, en el poblado de La Venta, zona suburbana del puerto. &nbsp;<\/p>\n\n\n\n<p>El grupo de quejosos, lo lidera Luis Fernando Soto, quienes denunciaron que han sido muy afectados por el problema de la inseguridad, ya que los choferes son v\u00edctimas de extorsi\u00f3n y otros delitos, en plena costera Miguel Alem\u00e1n.&nbsp;<\/p>\n\n\n\n<p>Alrededor de las 09:30 horas, los transportistas arribaron a las oficinas gubernamentales de la Promotora Tur\u00edstica de Guerrero (PROTUR), y cerraron parcialmente el bulevar de Las Naciones, en el \u00e1rea Diamante, tras mantener estacionados en las laterales unas 15 unidades. &nbsp;<\/p>\n\n\n\n<p>M\u00e1s tarde, una comisi\u00f3n de los transportistas, fue recibida por funcionarios del gobierno del estado, entre ellos el fiscal general Jorge Zuriel de los Santos, el titular de Seguridad P\u00fablica David Portillo Menchaca, sin que se conozcan hasta el momento los resultados de la mesa de trabajo.&nbsp;<\/p>\n","protected":false},"excerpt":{"rendered":"<p>&#8211; Aseguran que son extorsionados y asaltados\u00a0&#8211; Los hechos ocurren en plena costera Miguel Alem\u00e1n\u00a0\u00a0Javier Trujillo\u00a0\u00a0Acapulco, Gro. \u2013 Unas 15 unidades del transporte p\u00fablico de la ruta Caleta-Base, realizan una&hellip; <\/p>\n","protected":false},"author":1,"featured_media":35190,"comment_status":"open","ping_status":"open","sticky":false,"template":"","format":"standard","meta":{"fifu_image_url":"","fifu_image_alt":"","footnotes":""},"categories":[23],"tags":[],"class_list":["post-35189","post","type-post","status-publish","format-standard","has-post-thumbnail","hentry","category-regionales"],"_links":{"self":[{"href":"https:\/\/www.interaccionnoticias.com.mx\/index.php?rest_route=\/wp\/v2\/posts\/35189","targetHints":{"allow":["GET"]}}],"collection":[{"href":"https:\/\/www.interaccionnoticias.com.mx\/index.php?rest_route=\/wp\/v2\/posts"}],"about":[{"href":"https:\/\/www.interaccionnoticias.com.mx\/index.php?rest_route=\/wp\/v2\/types\/post"}],"author":[{"embeddable":true,"href":"https:\/\/www.interaccionnoticias.com.mx\/index.php?rest_route=\/wp\/v2\/users\/1"}],"replies":[{"embeddable":true,"href":"https:\/\/www.interaccionnoticias.com.mx\/index.php?rest_route=%2Fwp%2Fv2%2Fcomments&post=35189"}],"version-history":[{"count":0,"href":"https:\/\/www.interaccionnoticias.com.mx\/index.php?rest_route=\/wp\/v2\/posts\/35189\/revisions"}],"wp:featuredmedia":[{"embeddable":true,"href":"https:\/\/www.interaccionnoticias.com.mx\/index.php?rest_route=\/wp\/v2\/media\/35190"}],"wp:attachment":[{"href":"https:\/\/www.interaccionnoticias.com.mx\/index.php?rest_route=%2Fwp%2Fv2%2Fmedia&parent=35189"}],"wp:term":[{"taxonomy":"category","embeddable":true,"href":"https:\/\/www.interaccionnoticias.com.mx\/index.php?rest_route=%2Fwp%2Fv2%2Fcategories&post=35189"},{"taxonomy":"post_tag","embeddable":true,"href":"https:\/\/www.interaccionnoticias.com.mx\/index.php?rest_route=%2Fwp%2Fv2%2Ftags&post=35189"}],"curies":[{"name":"wp","href":"https:\/\/api.w.org\/{rel}","templated":true}]}}