{"id":35178,"date":"2021-07-19T16:11:45","date_gmt":"2021-07-19T21:11:45","guid":{"rendered":"http:\/\/www.inter-accion.com.mx\/?p=35178"},"modified":"2021-07-19T16:11:45","modified_gmt":"2021-07-19T21:11:45","slug":"35178","status":"publish","type":"post","link":"https:\/\/www.interaccionnoticias.com.mx\/?p=35178","title":{"rendered":"Mujer ind\u00edgena pide al TEE que le restituya su derecho a una diputaci\u00f3n plurinominal en el Congreso"},"content":{"rendered":"\n<p><strong><em>&#8211; Tras marchar en Chilpancingo, Yesenia Hern\u00e1ndez Jer\u00f3nimo pidi\u00f3 al \u00f3rgano jurisdiccional que resuelva pronto y conforme a derecho el medio de impugnaci\u00f3n que promovi\u00f3 contra la distribuci\u00f3n de candidaturas en el IEPC<br>&#8211; Denuncia usurpaci\u00f3n de identidad ind\u00edgena por parte del diputado Alfredo S\u00e1nchez Esquivel<\/em><\/strong><\/p>\n\n\n\n<p><strong>Vianey Ponce<\/strong><\/p>\n\n\n\n<p>La candidata a diputada local por la v\u00eda plurinominal, Yesenia Hern\u00e1ndez Jer\u00f3nimo exigi\u00f3 al Tribunal Electoral del Estado (TEE) resuelva conforme a derecho el medio de impugnaci\u00f3n con el que pide se les restituya su derecho a un espacio en el Congreso local, bajo las acciones afirmativas de mujer, joven e ind\u00edgena.<\/p>\n\n\n\n<p>El pasado 16 de junio, la joven originaria de Tlapa de Comonfort, miembro de la lengua Tun savi, present\u00f3 una impugnaci\u00f3n en contra de la distribuci\u00f3n de las candidaturas plurinominales por parte del Instituto Electoral y de Participaci\u00f3n Ciudadana (IEPC).<\/p>\n\n\n\n<p>En lo que respecta a Morena, indic\u00f3 que el acuerdo era que las candidaturas plurinominales ser\u00edan ocupadas por seis mujeres y una por hombre, lo anterior, para saldar una deuda hist\u00f3rica con los derechos de las mujeres.<\/p>\n\n\n\n<p>Sin embargo, en los hechos las candidaturas se conformaron con cinco mujeres y dos hombres, entre ellos el diputado S\u00e1nchez Esquivel.<\/p>\n\n\n\n<p>Derivado de la distribuci\u00f3n, Hern\u00e1ndez Jer\u00f3nimo qued\u00f3 fuera de los espacios asignados por la v\u00eda de representaci\u00f3n proporcional de Morena, a pesar de que su nombre fue seleccionado en la t\u00f3mbola que se realiz\u00f3 el 16 de marzo, como parte de la insaculaci\u00f3n realizada al interior del partido.<\/p>\n\n\n\n<p>La ma\u00f1ana del lunes, la joven encabez\u00f3 una marcha que parti\u00f3 del monumento a Las Banderas, sobre la avenida L\u00e1zaro C\u00e1rdenas y culmin\u00f3 en las instalaciones del Tribunal Electoral de Guerrero, en la parte sur de la ciudad.<\/p>\n\n\n\n<p>Explic\u00f3 que mientras ella quedaba fuera de la lista de candidatos plurinominales, el actual diputado Alfredo S\u00e1nchez Esquivel aseguraba su reelecci\u00f3n, ocupando el espacio de una acci\u00f3n afirmativa para la comunidad ind\u00edgena, que asegura, \u00e9l no representa.<\/p>\n\n\n\n<p>Por ello, solicit\u00f3 al Pleno del Tribunal que a un mes de haber presentado el recurso legal, se act\u00fae y resuelva la posible usurpaci\u00f3n de identidad, que ser\u00eda cometida por el actual presidente se la Junta de Coordinaci\u00f3n Pol\u00edtica (JUCOPO), as\u00ed como la determinaci\u00f3n de designaci\u00f3n de espacios plurinominales por parte del \u00f3rgano electoral local.<\/p>\n\n\n\n<p>Jer\u00f3nimo aclara que por este hecho sufri\u00f3 violencia pol\u00edtica de g\u00e9nero por parte de los \u00f3rganos intrapartidarios y electorales, entre otras cosas porque no se ha resuelto su recurso de inconformidad.<\/p>\n\n\n\n<p>Indic\u00f3 que desde que inici\u00f3 su lucha ha tenido nulo apoyo por parte del secretario general con funciones de presidente del Comit\u00e9 Ejecutivo Estatal (CEE), Marcial Rodr\u00edguez Salda\u00f1a, as\u00ed como de otros actores de Morena que tienen un peso espec\u00edfico em la entidad.<\/p>\n\n\n\n<p>Desde las 10:00 horas de este lunes, Yesenia Hern\u00e1ndez lleg\u00f3 a la capital del estado acompa\u00f1ada de un peque\u00f1o grupo de ind\u00edgenas, quienes la acompa\u00f1aron durante la marcha.<\/p>\n\n\n\n<p>La movilizaci\u00f3n inici\u00f3 en el monumento a las banderas, hicieron una parada en el Congreso Local y finalmente llegaron al TEE, donde con un mitin advirtieron que en caso de que la resoluci\u00f3n del Tribunal local no sea favorable, acudir\u00e1n a la instancia federal.<\/p>\n","protected":false},"excerpt":{"rendered":"<p>&#8211; Tras marchar en Chilpancingo, Yesenia Hern\u00e1ndez Jer\u00f3nimo pidi\u00f3 al \u00f3rgano jurisdiccional que resuelva pronto y conforme a derecho el medio de impugnaci\u00f3n que promovi\u00f3 contra la distribuci\u00f3n de candidaturas&hellip; <\/p>\n","protected":false},"author":1,"featured_media":35174,"comment_status":"open","ping_status":"open","sticky":false,"template":"","format":"standard","meta":{"fifu_image_url":"","fifu_image_alt":"","footnotes":""},"categories":[21],"tags":[],"class_list":["post-35178","post","type-post","status-publish","format-standard","has-post-thumbnail","hentry","category-politica"],"_links":{"self":[{"href":"https:\/\/www.interaccionnoticias.com.mx\/index.php?rest_route=\/wp\/v2\/posts\/35178","targetHints":{"allow":["GET"]}}],"collection":[{"href":"https:\/\/www.interaccionnoticias.com.mx\/index.php?rest_route=\/wp\/v2\/posts"}],"about":[{"href":"https:\/\/www.interaccionnoticias.com.mx\/index.php?rest_route=\/wp\/v2\/types\/post"}],"author":[{"embeddable":true,"href":"https:\/\/www.interaccionnoticias.com.mx\/index.php?rest_route=\/wp\/v2\/users\/1"}],"replies":[{"embeddable":true,"href":"https:\/\/www.interaccionnoticias.com.mx\/index.php?rest_route=%2Fwp%2Fv2%2Fcomments&post=35178"}],"version-history":[{"count":0,"href":"https:\/\/www.interaccionnoticias.com.mx\/index.php?rest_route=\/wp\/v2\/posts\/35178\/revisions"}],"wp:featuredmedia":[{"embeddable":true,"href":"https:\/\/www.interaccionnoticias.com.mx\/index.php?rest_route=\/wp\/v2\/media\/35174"}],"wp:attachment":[{"href":"https:\/\/www.interaccionnoticias.com.mx\/index.php?rest_route=%2Fwp%2Fv2%2Fmedia&parent=35178"}],"wp:term":[{"taxonomy":"category","embeddable":true,"href":"https:\/\/www.interaccionnoticias.com.mx\/index.php?rest_route=%2Fwp%2Fv2%2Fcategories&post=35178"},{"taxonomy":"post_tag","embeddable":true,"href":"https:\/\/www.interaccionnoticias.com.mx\/index.php?rest_route=%2Fwp%2Fv2%2Ftags&post=35178"}],"curies":[{"name":"wp","href":"https:\/\/api.w.org\/{rel}","templated":true}]}}