{"id":35169,"date":"2021-07-19T12:14:05","date_gmt":"2021-07-19T17:14:05","guid":{"rendered":"http:\/\/www.inter-accion.com.mx\/?p=35169"},"modified":"2021-07-19T12:14:05","modified_gmt":"2021-07-19T17:14:05","slug":"35169","status":"publish","type":"post","link":"https:\/\/www.interaccionnoticias.com.mx\/?p=35169","title":{"rendered":"Se reducen horarios en negocios y aforos al 50% por, paso al Sem\u00e1foro Amarillo"},"content":{"rendered":"\n<p><strong><em>&#8211; Para bajar el \u00edndice de contagios<\/em><\/strong><\/p>\n\n\n\n<p><strong>Jes\u00fas Dorantes<\/strong><\/p>\n\n\n\n<p><strong>Chilpancingo,Gro.-<\/strong> Con nuevos lineamientos y aforos comenzar\u00e1 esta semana el regreso al Sem\u00e1foro Epidemiol\u00f3gico de color amarillo, en el estado de Guerrero.<\/p>\n\n\n\n<p>Por disposici\u00f3n oficial, este mismo lunes fueron publicadas en el Peri\u00f3dico Oficial del Estado de Guerrero, los nuevos lineamientos que se deber\u00e1n de acatar en establecimientos y negocios, ante el incremento de casos de Covid-19.<\/p>\n\n\n\n<p>Los hoteles y establecimientos de alojamiento podr\u00e1n recibir hasta un 60 % de su capacidad, mientras que playas, balnearios, servicios n\u00e1uticos y albercas p\u00fablicas solo podr\u00e1n recibir al 50 % de aforo total, al igual que el transporte p\u00fablico que se considera zona de \u00abAlto riesgo de contagio \u00ab.<\/p>\n\n\n\n<p>En el caso de los supermercados, tiendas de autoservicio, tiendas departamentales, almacenes, centros comerciales, barberias y esteticas se permitir\u00e1 un aforo total del 50% y se reducir\u00e1 el horario hasta las 20:00 horas.<\/p>\n\n\n\n<p>Este mismo horario ser\u00e1 aplicado a la venta de bebidas alcoh\u00f3licas.<\/p>\n\n\n\n<p>Por su parte, los mercados tianguis, bazares y mercados sobre ruedas contar\u00e1n con un horario menor de servicio, que va de las 05:00 a las 16:00 horas, permitiendo tan s\u00f3lo la mitad de su aforo total.<\/p>\n\n\n\n<p>En el caso de las plazas c\u00edvicas, jardines, parques , grutas, zonas arqueol\u00f3gicas, polideportivos y zool\u00f3gicos se contar\u00e1 con un horario de las 7:00 a las 19:00 horas con un 50% de su capacidad.<\/p>\n","protected":false},"excerpt":{"rendered":"<p>&#8211; Para bajar el \u00edndice de contagios Jes\u00fas Dorantes Chilpancingo,Gro.- Con nuevos lineamientos y aforos comenzar\u00e1 esta semana el regreso al Sem\u00e1foro Epidemiol\u00f3gico de color amarillo, en el estado de&hellip; <\/p>\n","protected":false},"author":1,"featured_media":35168,"comment_status":"open","ping_status":"open","sticky":false,"template":"","format":"standard","meta":{"fifu_image_url":"","fifu_image_alt":"","footnotes":""},"categories":[3],"tags":[],"class_list":["post-35169","post","type-post","status-publish","format-standard","has-post-thumbnail","hentry","category-covid-19"],"_links":{"self":[{"href":"https:\/\/www.interaccionnoticias.com.mx\/index.php?rest_route=\/wp\/v2\/posts\/35169","targetHints":{"allow":["GET"]}}],"collection":[{"href":"https:\/\/www.interaccionnoticias.com.mx\/index.php?rest_route=\/wp\/v2\/posts"}],"about":[{"href":"https:\/\/www.interaccionnoticias.com.mx\/index.php?rest_route=\/wp\/v2\/types\/post"}],"author":[{"embeddable":true,"href":"https:\/\/www.interaccionnoticias.com.mx\/index.php?rest_route=\/wp\/v2\/users\/1"}],"replies":[{"embeddable":true,"href":"https:\/\/www.interaccionnoticias.com.mx\/index.php?rest_route=%2Fwp%2Fv2%2Fcomments&post=35169"}],"version-history":[{"count":0,"href":"https:\/\/www.interaccionnoticias.com.mx\/index.php?rest_route=\/wp\/v2\/posts\/35169\/revisions"}],"wp:featuredmedia":[{"embeddable":true,"href":"https:\/\/www.interaccionnoticias.com.mx\/index.php?rest_route=\/wp\/v2\/media\/35168"}],"wp:attachment":[{"href":"https:\/\/www.interaccionnoticias.com.mx\/index.php?rest_route=%2Fwp%2Fv2%2Fmedia&parent=35169"}],"wp:term":[{"taxonomy":"category","embeddable":true,"href":"https:\/\/www.interaccionnoticias.com.mx\/index.php?rest_route=%2Fwp%2Fv2%2Fcategories&post=35169"},{"taxonomy":"post_tag","embeddable":true,"href":"https:\/\/www.interaccionnoticias.com.mx\/index.php?rest_route=%2Fwp%2Fv2%2Ftags&post=35169"}],"curies":[{"name":"wp","href":"https:\/\/api.w.org\/{rel}","templated":true}]}}