{"id":34964,"date":"2021-07-14T18:47:14","date_gmt":"2021-07-14T23:47:14","guid":{"rendered":"http:\/\/www.inter-accion.com.mx\/?p=34964"},"modified":"2021-07-14T18:47:14","modified_gmt":"2021-07-14T23:47:14","slug":"34964","status":"publish","type":"post","link":"https:\/\/www.interaccionnoticias.com.mx\/?p=34964","title":{"rendered":"AMLO visitar\u00e1 Guerrero del 16 al 19 de julio"},"content":{"rendered":"\n<p><strong>Rosario Garc\u00eda Orozco<\/strong><\/p>\n\n\n\n<p><strong>Chilpancingo, Gro., 14 de julio del 2021-<\/strong> El Presidente de la Rep\u00fablica, Andr\u00e9s Manuel L\u00f3pez Obrador visitar\u00e1 Guerrero del viernes 16 al lunes 19 de julio, para revisar avances en programas sociales y estrategias de seguridad.<\/p>\n\n\n\n<p>En lo que ser\u00e1 su segunda visita al estado luego de las elecciones del 6 de junio pasado, que le dieron el triunfo a su partido Morena, L\u00f3pez Obrador recorrer\u00e1 los municipios de Chilapa, Chilpancingo, Ometepec, Ayutla de los Libres y Acapulco.<\/p>\n\n\n\n<p>En su visita, el jefe del Ejecutivo Federal llegar\u00e1 este viernes a Chilapa de \u00c1lvarez a las dos de la tarde, para dar seguimiento a los programas del Bienestar y revisar el avance del Programa Nacional de Vacunaci\u00f3n.<\/p>\n\n\n\n<p>A las 4:30 de la tarde, de ese mismo d\u00eda, inaugurar\u00e1 el cuartel de la Guardia Nacional en Chilpancingo, ubicadas en el boulevard Petaquillas, donde se revisar\u00e1 el avance de la estrategia de seguridad.<\/p>\n\n\n\n<p>Por la ma\u00f1ana del s\u00e1bado 17 de julio, el Presidente L\u00f3pez Obrador estar\u00e1 en Ometepec, municipio de la Costa Chica, donde supervisar\u00e1 el programa \u201cSembrando Vida\u201d, y m\u00e1s tarde, a las 15:00 horas acudir\u00e1 a Ayutla de los Libres, municipio que elige a sus autoridades por usos y costumbres, para darle seguimiento a los Programas del Bienestar.<\/p>\n\n\n\n<p>El domingo 18 de julio a las 12 del d\u00eda, el presidente de M\u00e9xico participar\u00e1 en la Ceremonia por el Aniversario Luctuoso de Benito Ju\u00e1rez Garc\u00eda, en Acapulco, y al medio d\u00eda realizar\u00e1 un recorrido para supervisar la obra del Libramiento Poniente de ese puerto.<\/p>\n\n\n\n<p>Finalmente, a las 7 de la ma\u00f1ana del lunes 19 de julio encabezar\u00e1 su conferencia matutina en el puerto de Acapulco.<\/p>\n","protected":false},"excerpt":{"rendered":"<p>Rosario Garc\u00eda Orozco Chilpancingo, Gro., 14 de julio del 2021- El Presidente de la Rep\u00fablica, Andr\u00e9s Manuel L\u00f3pez Obrador visitar\u00e1 Guerrero del viernes 16 al lunes 19 de julio, para&hellip; <\/p>\n","protected":false},"author":1,"featured_media":34963,"comment_status":"open","ping_status":"open","sticky":false,"template":"","format":"standard","meta":{"fifu_image_url":"","fifu_image_alt":"","footnotes":""},"categories":[11],"tags":[],"class_list":["post-34964","post","type-post","status-publish","format-standard","has-post-thumbnail","hentry","category-guerrero"],"_links":{"self":[{"href":"https:\/\/www.interaccionnoticias.com.mx\/index.php?rest_route=\/wp\/v2\/posts\/34964","targetHints":{"allow":["GET"]}}],"collection":[{"href":"https:\/\/www.interaccionnoticias.com.mx\/index.php?rest_route=\/wp\/v2\/posts"}],"about":[{"href":"https:\/\/www.interaccionnoticias.com.mx\/index.php?rest_route=\/wp\/v2\/types\/post"}],"author":[{"embeddable":true,"href":"https:\/\/www.interaccionnoticias.com.mx\/index.php?rest_route=\/wp\/v2\/users\/1"}],"replies":[{"embeddable":true,"href":"https:\/\/www.interaccionnoticias.com.mx\/index.php?rest_route=%2Fwp%2Fv2%2Fcomments&post=34964"}],"version-history":[{"count":0,"href":"https:\/\/www.interaccionnoticias.com.mx\/index.php?rest_route=\/wp\/v2\/posts\/34964\/revisions"}],"wp:featuredmedia":[{"embeddable":true,"href":"https:\/\/www.interaccionnoticias.com.mx\/index.php?rest_route=\/wp\/v2\/media\/34963"}],"wp:attachment":[{"href":"https:\/\/www.interaccionnoticias.com.mx\/index.php?rest_route=%2Fwp%2Fv2%2Fmedia&parent=34964"}],"wp:term":[{"taxonomy":"category","embeddable":true,"href":"https:\/\/www.interaccionnoticias.com.mx\/index.php?rest_route=%2Fwp%2Fv2%2Fcategories&post=34964"},{"taxonomy":"post_tag","embeddable":true,"href":"https:\/\/www.interaccionnoticias.com.mx\/index.php?rest_route=%2Fwp%2Fv2%2Ftags&post=34964"}],"curies":[{"name":"wp","href":"https:\/\/api.w.org\/{rel}","templated":true}]}}