{"id":34959,"date":"2021-07-14T17:50:14","date_gmt":"2021-07-14T22:50:14","guid":{"rendered":"http:\/\/www.inter-accion.com.mx\/?p=34959"},"modified":"2021-07-14T17:50:14","modified_gmt":"2021-07-14T22:50:14","slug":"34959","status":"publish","type":"post","link":"https:\/\/www.interaccionnoticias.com.mx\/?p=34959","title":{"rendered":"Descartan \u201cGobierno de dos cabezas en Guerrero\u201d"},"content":{"rendered":"\n<p><strong><em>&#8211; \u201cPablistas\u201d se desmarcan de declaraciones del presidente del Consejo Estatal de Morena<\/em><\/strong><\/p>\n\n\n\n<p><strong>Rogelio Agust\u00edn<\/strong><\/p>\n\n\n\n<p>El vicepresidente del Congreso local, Mois\u00e9s Reyes Sandoval sostuvo que las declaraciones del presidente del Consejo Estatal de Morena, Luis Enrique R\u00edos Saucedo, en el sentido de que en Guerrero no se quiere un \u201cgobierno de dos cabezas\u201d fueron hechas a titulo personal, pues no representan la postura del equipo que encabeza el ex precandidato a la gubernatura, Pablo Amilcar Sandoval Ballesteros.<\/p>\n\n\n\n<p>Sandoval Reyes, quien es primo del tambi\u00e9n ex delegado del Gobierno de la Rep\u00fablica, se\u00f1al\u00f3 que las declaraciones hechas el domingo pasado, en lo que se interpret\u00f3 como un festejo paralelo al de la dirigencia estatal, en el marco del s\u00e9ptimo aniversario del otorgamiento del registro a Morena como partido pol\u00edtico, no reflejan la postura que dicho equipo tiene respecto a la gobernadora electa, Evelyn Salgado Pineda.<\/p>\n\n\n\n<p>\u201cEl diputado Luis Enrique tiene su posici\u00f3n, es respetable, somos un partido democr\u00e1tico, yo no coincido con sus pensamientos, aunque he coincidido con \u00e9l en muchas cosas y hemos trabajado durante a\u00f1os, pero en este comentario no lo voy a acompa\u00f1ar\u201d, anot\u00f3 el tambi\u00e9n presidente de la Comisi\u00f3n de Justicia.<\/p>\n\n\n\n<p>Indic\u00f3: \u201cEl gobierno de la compa\u00f1era Evelyn fue electo democr\u00e1ticamente en las urnas, el 6 de junio el pueblo de Guerrero se volc\u00f3 a las urnas para votar por un proyecto de naci\u00f3n, por la continuidad de la Cuarta Transformaci\u00f3n y el establecimiento de esta misma en el estado de Guerrero, eso es lo que hace que haya mucha esperanza en Evelyn, por eso yo le doy mi voto de confianza\u201d.<\/p>\n\n\n\n<p>Sion embargo, record\u00f3 que en otra declaraci\u00f3n del presidente del Consejo Estatal de Morena, se\u00f1ala que apoya a Evelyn Salgado, ante lo que indica: \u201cYo me quedo con esa parte, con la otra parte, la que habla de las dos cabezas (en el gobierno) yo no coincido, no lo suscribo, lo dijo a t\u00edtulo personal\u201d.<\/p>\n\n\n\n<p>Record\u00f3 que el propio R\u00edos ha deslindado al diputado federal electo, Pablo Am\u00edlcar Sandoval de sus comentarios, por lo que enfatiz\u00f3: \u201cMuchas cosas las podemos decir a manera personal y a manera grupal, esto fue algo personal que \u00e9l piensa\u201d.<\/p>\n\n\n\n<p>Indic\u00f3 que todav\u00eda no se puede hablar de una relaci\u00f3n de sometimiento de la futura gobernadora constitucional respecto a su pap\u00e1, F\u00e9lix Salgado Macedonio, puesto que todav\u00eda no entra en funciones, ya que incluso, no se ha instalado el proceso de entrega-recepci\u00f3n.<\/p>\n\n\n\n<p>Asever\u00f3: \u201cNo podemos criticar algo que todav\u00eda no empieza, tenemos que darle el voto de confianza, tenemos que ayudarle, que echarle la mano todos los guerrerenses, ella siempre dice que va a tener miles de asesores, que va a ser el pueblo de Guerrero y yo creo que as\u00ed es, mientras ella escuche al pueblo vamos a estar bien\u201d.<\/p>\n\n\n\n<p>Y cerr\u00f3: \u201cNosotros creemos que nadie en su sano juicio -no lo digo por el diputado Luis Enrique, sino manera general-, nadie en su sano juicio quisiera que le vaya mal a Evelyn, porque si le va bien a Evelyn le va bien al gobierno, le va bien a Guerrero, le va bien a nuestros hijos, nosotros queremos un Guerrero pr\u00f3spero y por eso queremos que le vaya bien a Evelyn y a todo su gobierno\u201d.<\/p>\n","protected":false},"excerpt":{"rendered":"<p>&#8211; \u201cPablistas\u201d se desmarcan de declaraciones del presidente del Consejo Estatal de Morena Rogelio Agust\u00edn El vicepresidente del Congreso local, Mois\u00e9s Reyes Sandoval sostuvo que las declaraciones del presidente del&hellip; <\/p>\n","protected":false},"author":1,"featured_media":34958,"comment_status":"open","ping_status":"open","sticky":false,"template":"","format":"standard","meta":{"fifu_image_url":"","fifu_image_alt":"","footnotes":""},"categories":[21],"tags":[],"class_list":["post-34959","post","type-post","status-publish","format-standard","has-post-thumbnail","hentry","category-politica"],"_links":{"self":[{"href":"https:\/\/www.interaccionnoticias.com.mx\/index.php?rest_route=\/wp\/v2\/posts\/34959","targetHints":{"allow":["GET"]}}],"collection":[{"href":"https:\/\/www.interaccionnoticias.com.mx\/index.php?rest_route=\/wp\/v2\/posts"}],"about":[{"href":"https:\/\/www.interaccionnoticias.com.mx\/index.php?rest_route=\/wp\/v2\/types\/post"}],"author":[{"embeddable":true,"href":"https:\/\/www.interaccionnoticias.com.mx\/index.php?rest_route=\/wp\/v2\/users\/1"}],"replies":[{"embeddable":true,"href":"https:\/\/www.interaccionnoticias.com.mx\/index.php?rest_route=%2Fwp%2Fv2%2Fcomments&post=34959"}],"version-history":[{"count":0,"href":"https:\/\/www.interaccionnoticias.com.mx\/index.php?rest_route=\/wp\/v2\/posts\/34959\/revisions"}],"wp:featuredmedia":[{"embeddable":true,"href":"https:\/\/www.interaccionnoticias.com.mx\/index.php?rest_route=\/wp\/v2\/media\/34958"}],"wp:attachment":[{"href":"https:\/\/www.interaccionnoticias.com.mx\/index.php?rest_route=%2Fwp%2Fv2%2Fmedia&parent=34959"}],"wp:term":[{"taxonomy":"category","embeddable":true,"href":"https:\/\/www.interaccionnoticias.com.mx\/index.php?rest_route=%2Fwp%2Fv2%2Fcategories&post=34959"},{"taxonomy":"post_tag","embeddable":true,"href":"https:\/\/www.interaccionnoticias.com.mx\/index.php?rest_route=%2Fwp%2Fv2%2Ftags&post=34959"}],"curies":[{"name":"wp","href":"https:\/\/api.w.org\/{rel}","templated":true}]}}