{"id":34949,"date":"2021-07-14T16:34:34","date_gmt":"2021-07-14T21:34:34","guid":{"rendered":"http:\/\/www.inter-accion.com.mx\/?p=34949"},"modified":"2021-07-14T16:34:34","modified_gmt":"2021-07-14T21:34:34","slug":"evelyn-salgado-participa-en-reunion-con-amlo-y-el-gabinete-de-seguridad","status":"publish","type":"post","link":"https:\/\/www.interaccionnoticias.com.mx\/?p=34949","title":{"rendered":"Evelyn Salgado participa en reuni\u00f3n con AMLO y el gabinete de Seguridad"},"content":{"rendered":"\n<p><strong><em>&#8211; Establecimos acuerdos para mejorar el nivel de vida de los guerrerenses, afirma la gobernadora electa<\/em><\/strong><\/p>\n\n\n\n<p><strong><em>&#8211; La reuni\u00f3n entre gobernadores en funciones y electos fue para intensificar las acciones para la paz, inform\u00f3 el presidente de la Rep\u00fablica<\/em><\/strong><\/p>\n\n\n\n<p><strong>Vianey Ponce<\/strong><\/p>\n\n\n\n<p>Este mi\u00e9rcoles, la gobernadora electa de Guerrero, Evelyn Salgado Pineda estuvo en Palacio Nacional, donde se reuni\u00f3 con el presidente de la Rep\u00fablica Andr\u00e9s Manuel L\u00f3pez Obrador para abordar temas referentes a la seguridad y la paz.<\/p>\n\n\n\n<p>A trav\u00e9s de redes sociales, Salgado Pineda inform\u00f3 sobre su participaci\u00f3n en la reuni\u00f3n, que fue convocada por el titular del Poder Ejecutivo federal, en la que estuvieron presentes miembros del Gabinete de&nbsp; Seguridad, as\u00ed como 16 gobernadoras y gobernadores, tanto en funciones como electos.<\/p>\n\n\n\n<p>A trav\u00e9s de su cuenta oficial, el presidente L\u00f3pez Obrador dio a conocer dicho encuentro, mediante una fotograf\u00eda en la que aparecen gobernadores como Evelyn Salgado Pineda; la gobernadora electa de Campeche, Layda Sansores entre otros.<\/p>\n\n\n\n<p>\u00abNos reunimos, integrantes del Gabinete de Seguridad, con 16 gobernadoras y gobernadores electos y en funciones. Establecemos acuerdos para intensificar acciones y vivir en plena paz. Lo mismo haremos con los otros 15 mandatarios estatales del pa\u00eds\u00bb. Escribi\u00f3 el presidente de la Rep\u00fablica.<\/p>\n\n\n\n<p>Por su parte, Salgado Pineda anunci\u00f3 su visita a Palacio Nacional, en la que anticip\u00f3 que se construyeron acuerdos en favor de los guerrerenses.<\/p>\n\n\n\n<p>Escribi\u00f3: \u00abPara mejorar el nivel de vida de las y los guerrerenses establecimos acuerdos y coincidimos en fortalecer la coordinaci\u00f3n institucional\u00bb.<\/p>\n\n\n\n<p>En el mismo texto, advirti\u00f3 que la Cuarta Transformaci\u00f3n llegar\u00e1 a todos los rincones del estado \u00abconcentrando acciones coordinadas para la pacificaci\u00f3n del pa\u00eds\u00bb.<\/p>\n","protected":false},"excerpt":{"rendered":"<p>&#8211; Establecimos acuerdos para mejorar el nivel de vida de los guerrerenses, afirma la gobernadora electa &#8211; La reuni\u00f3n entre gobernadores en funciones y electos fue para intensificar las acciones&hellip; <\/p>\n","protected":false},"author":1,"featured_media":34951,"comment_status":"open","ping_status":"open","sticky":false,"template":"","format":"standard","meta":{"fifu_image_url":"","fifu_image_alt":"","footnotes":""},"categories":[11],"tags":[89],"class_list":["post-34949","post","type-post","status-publish","format-standard","has-post-thumbnail","hentry","category-guerrero","tag-evelyn-salgado-pineda"],"_links":{"self":[{"href":"https:\/\/www.interaccionnoticias.com.mx\/index.php?rest_route=\/wp\/v2\/posts\/34949","targetHints":{"allow":["GET"]}}],"collection":[{"href":"https:\/\/www.interaccionnoticias.com.mx\/index.php?rest_route=\/wp\/v2\/posts"}],"about":[{"href":"https:\/\/www.interaccionnoticias.com.mx\/index.php?rest_route=\/wp\/v2\/types\/post"}],"author":[{"embeddable":true,"href":"https:\/\/www.interaccionnoticias.com.mx\/index.php?rest_route=\/wp\/v2\/users\/1"}],"replies":[{"embeddable":true,"href":"https:\/\/www.interaccionnoticias.com.mx\/index.php?rest_route=%2Fwp%2Fv2%2Fcomments&post=34949"}],"version-history":[{"count":0,"href":"https:\/\/www.interaccionnoticias.com.mx\/index.php?rest_route=\/wp\/v2\/posts\/34949\/revisions"}],"wp:featuredmedia":[{"embeddable":true,"href":"https:\/\/www.interaccionnoticias.com.mx\/index.php?rest_route=\/wp\/v2\/media\/34951"}],"wp:attachment":[{"href":"https:\/\/www.interaccionnoticias.com.mx\/index.php?rest_route=%2Fwp%2Fv2%2Fmedia&parent=34949"}],"wp:term":[{"taxonomy":"category","embeddable":true,"href":"https:\/\/www.interaccionnoticias.com.mx\/index.php?rest_route=%2Fwp%2Fv2%2Fcategories&post=34949"},{"taxonomy":"post_tag","embeddable":true,"href":"https:\/\/www.interaccionnoticias.com.mx\/index.php?rest_route=%2Fwp%2Fv2%2Ftags&post=34949"}],"curies":[{"name":"wp","href":"https:\/\/api.w.org\/{rel}","templated":true}]}}