{"id":34893,"date":"2021-07-13T19:54:46","date_gmt":"2021-07-14T00:54:46","guid":{"rendered":"http:\/\/www.inter-accion.com.mx\/?p=34893"},"modified":"2021-07-13T19:54:46","modified_gmt":"2021-07-14T00:54:46","slug":"34893","status":"publish","type":"post","link":"https:\/\/www.interaccionnoticias.com.mx\/?p=34893","title":{"rendered":"Evelyn Salgado y DIF nacional alistan ruta de trabajo coordinado"},"content":{"rendered":"\n<p><strong>Ciudad de M\u00e9xico, 13 de julio de 2021. <\/strong>La gobernadora electa de Guerrero, Evelyn Salgado Pineda, se reuni\u00f3 con la directora del\u00a0Sistema Nacional para el Desarrollo Integral de la Familia (SNDIF), Mar\u00eda del Roc\u00edo Garc\u00eda P\u00e9rez, para coordinar acciones que garanticen bienestar a la ni\u00f1ez, las familias y las personas en situaci\u00f3n de vulnerabilidad.\u00a0<\/p>\n\n\n\n<p>En el encuentro particip\u00f3 su hermana Liz Adriana Salgado Pineda, quien ocupar\u00e1 la presidencia honor\u00edfica del DIF Guerrero en la pr\u00f3xima administraci\u00f3n.&nbsp;<\/p>\n\n\n\n<p>\u00abJuntas y juntos vamos a contribuir al desarrollo integral de la poblaci\u00f3n con programas y pol\u00edticas p\u00fablicas coordinadas\u00bb, escribi\u00f3 la gobernadora electa en sus redes sociales, donde comparti\u00f3 fotograf\u00edas del encuentro.<\/p>\n\n\n\n<p>Afirm\u00f3 que \u00abla esperanza est\u00e1 presente para el bienestar de las familias guerrerenses\u00bb.<\/p>\n","protected":false},"excerpt":{"rendered":"<p>Ciudad de M\u00e9xico, 13 de julio de 2021. La gobernadora electa de Guerrero, Evelyn Salgado Pineda, se reuni\u00f3 con la directora del\u00a0Sistema Nacional para el Desarrollo Integral de la Familia&hellip; <\/p>\n","protected":false},"author":1,"featured_media":34871,"comment_status":"open","ping_status":"open","sticky":false,"template":"","format":"standard","meta":{"fifu_image_url":"","fifu_image_alt":"","footnotes":""},"categories":[11],"tags":[89],"class_list":["post-34893","post","type-post","status-publish","format-standard","has-post-thumbnail","hentry","category-guerrero","tag-evelyn-salgado-pineda"],"_links":{"self":[{"href":"https:\/\/www.interaccionnoticias.com.mx\/index.php?rest_route=\/wp\/v2\/posts\/34893","targetHints":{"allow":["GET"]}}],"collection":[{"href":"https:\/\/www.interaccionnoticias.com.mx\/index.php?rest_route=\/wp\/v2\/posts"}],"about":[{"href":"https:\/\/www.interaccionnoticias.com.mx\/index.php?rest_route=\/wp\/v2\/types\/post"}],"author":[{"embeddable":true,"href":"https:\/\/www.interaccionnoticias.com.mx\/index.php?rest_route=\/wp\/v2\/users\/1"}],"replies":[{"embeddable":true,"href":"https:\/\/www.interaccionnoticias.com.mx\/index.php?rest_route=%2Fwp%2Fv2%2Fcomments&post=34893"}],"version-history":[{"count":0,"href":"https:\/\/www.interaccionnoticias.com.mx\/index.php?rest_route=\/wp\/v2\/posts\/34893\/revisions"}],"wp:featuredmedia":[{"embeddable":true,"href":"https:\/\/www.interaccionnoticias.com.mx\/index.php?rest_route=\/wp\/v2\/media\/34871"}],"wp:attachment":[{"href":"https:\/\/www.interaccionnoticias.com.mx\/index.php?rest_route=%2Fwp%2Fv2%2Fmedia&parent=34893"}],"wp:term":[{"taxonomy":"category","embeddable":true,"href":"https:\/\/www.interaccionnoticias.com.mx\/index.php?rest_route=%2Fwp%2Fv2%2Fcategories&post=34893"},{"taxonomy":"post_tag","embeddable":true,"href":"https:\/\/www.interaccionnoticias.com.mx\/index.php?rest_route=%2Fwp%2Fv2%2Ftags&post=34893"}],"curies":[{"name":"wp","href":"https:\/\/api.w.org\/{rel}","templated":true}]}}