{"id":34885,"date":"2021-07-13T19:44:12","date_gmt":"2021-07-14T00:44:12","guid":{"rendered":"http:\/\/www.inter-accion.com.mx\/?p=34885"},"modified":"2021-07-13T19:44:12","modified_gmt":"2021-07-14T00:44:12","slug":"34885","status":"publish","type":"post","link":"https:\/\/www.interaccionnoticias.com.mx\/?p=34885","title":{"rendered":"Tribunal Electoral revoca regidur\u00edas asignadas para el PRI y el PRD en Chilpancingo"},"content":{"rendered":"\n<p><strong><em>&#8212; Por vulnerar el principio de paridad de g\u00e9nero<\/em><\/strong><\/p>\n\n\n\n<p><strong>Rogelio Agust\u00edn<\/strong><\/p>\n\n\n\n<p>El Tribunal Electoral del Estado (TEE) revoc\u00f3 la asignaci\u00f3n de dos regidur\u00edas indebidamente al PRI y PRD en el Cabildo de Chilpancingo, ya que romp\u00edan el principio de paridad de g\u00e9nero.<\/p>\n\n\n\n<p>La resoluci\u00f3n se aprob\u00f3 por unanimidad durante la sesi\u00f3n que el \u00f3rgano jurisdiccional sostuvo la jornada del martes 13 de julio.<\/p>\n\n\n\n<p>La asignaci\u00f3n de las regidur\u00edas del Ayuntamiento de Chilpancingo fue realizada por el Consejo Distrital Electoral 02, del Instituto Electoral y de Participaci\u00f3n Ciudadana del Estado de Guerrero (IEPCGRO) con sede en la capital del estado.<\/p>\n\n\n\n<p>La resoluci\u00f3n fue presentada por la Magistrada Hilda Rosa Delgado Brito, en ella se declararon fundadas las quejas promovidas por Mar\u00eda de los \u00c1ngeles V\u00e1zquez Pastor y Mart\u00edn Jim\u00e9nez S\u00e1mano.<\/p>\n\n\n\n<p>Los dos actores consideraron que era indebida asignaci\u00f3n de las regidur\u00edas de representaci\u00f3n proporcional, en raz\u00f3n de que la autoridad responsable, sin justificaci\u00f3n alguna omiti\u00f3 aplicar los Lineamientos aprobados por el IEPGRO, que establecen el procedimiento al cual debi\u00f3 sujetarse.<\/p>\n\n\n\n<p>La asignaci\u00f3n hecha por el Consejo Distrital 02, de acuerdo con el TEE, pasaba por alto el hecho de que los lineamientos fueron emitidos para equilibrar los principios de paridad e igualdad con otros valores de relevancia constitucional, como la garant\u00eda de certeza y seguridad jur\u00eddica, el derecho a la autodeterminaci\u00f3n de los partidos pol\u00edticos y el derecho de las personas postuladas.<\/p>\n\n\n\n<p>Por esa raz\u00f3n se decidi\u00f3 revocar la constancia de asignaci\u00f3n de regidur\u00edas expedida en favor del Partido Revolucionario Institucional (PRI), en espec\u00edfico, la correspondiente a la f\u00f3rmula encabezada por Guadalupe Aguilar Alcocer, para ser asignada a la encabezada por Mart\u00edn Jim\u00e9nez S\u00e1mano.<\/p>\n\n\n\n<p>Tambi\u00e9n se revoc\u00f3 la expedida en favor del Partido de la Revoluci\u00f3n Democr\u00e1tica (PRD), en espec\u00edfico, la correspondiente a la encabezada por Oscar Armando Garibay Valdez, para ser asignada a la encabezada por Mar\u00eda de los \u00c1ngeles V\u00e1zquez Pastor.<\/p>\n\n\n\n<p>De esta manera, el TEE modific\u00f3 la lista de regidores que se hab\u00eda aprobado para el PRI y el PRD en el cabildo que entrar\u00e1 en funciones en septiembre pr\u00f3ximo.<\/p>\n","protected":false},"excerpt":{"rendered":"<p>&#8212; Por vulnerar el principio de paridad de g\u00e9nero Rogelio Agust\u00edn El Tribunal Electoral del Estado (TEE) revoc\u00f3 la asignaci\u00f3n de dos regidur\u00edas indebidamente al PRI y PRD en el&hellip; <\/p>\n","protected":false},"author":1,"featured_media":34876,"comment_status":"open","ping_status":"open","sticky":false,"template":"","format":"standard","meta":{"fifu_image_url":"","fifu_image_alt":"","footnotes":""},"categories":[17],"tags":[],"class_list":["post-34885","post","type-post","status-publish","format-standard","has-post-thumbnail","hentry","category-organos-electorales"],"_links":{"self":[{"href":"https:\/\/www.interaccionnoticias.com.mx\/index.php?rest_route=\/wp\/v2\/posts\/34885","targetHints":{"allow":["GET"]}}],"collection":[{"href":"https:\/\/www.interaccionnoticias.com.mx\/index.php?rest_route=\/wp\/v2\/posts"}],"about":[{"href":"https:\/\/www.interaccionnoticias.com.mx\/index.php?rest_route=\/wp\/v2\/types\/post"}],"author":[{"embeddable":true,"href":"https:\/\/www.interaccionnoticias.com.mx\/index.php?rest_route=\/wp\/v2\/users\/1"}],"replies":[{"embeddable":true,"href":"https:\/\/www.interaccionnoticias.com.mx\/index.php?rest_route=%2Fwp%2Fv2%2Fcomments&post=34885"}],"version-history":[{"count":0,"href":"https:\/\/www.interaccionnoticias.com.mx\/index.php?rest_route=\/wp\/v2\/posts\/34885\/revisions"}],"wp:featuredmedia":[{"embeddable":true,"href":"https:\/\/www.interaccionnoticias.com.mx\/index.php?rest_route=\/wp\/v2\/media\/34876"}],"wp:attachment":[{"href":"https:\/\/www.interaccionnoticias.com.mx\/index.php?rest_route=%2Fwp%2Fv2%2Fmedia&parent=34885"}],"wp:term":[{"taxonomy":"category","embeddable":true,"href":"https:\/\/www.interaccionnoticias.com.mx\/index.php?rest_route=%2Fwp%2Fv2%2Fcategories&post=34885"},{"taxonomy":"post_tag","embeddable":true,"href":"https:\/\/www.interaccionnoticias.com.mx\/index.php?rest_route=%2Fwp%2Fv2%2Ftags&post=34885"}],"curies":[{"name":"wp","href":"https:\/\/api.w.org\/{rel}","templated":true}]}}