{"id":3484,"date":"2017-04-10T23:13:55","date_gmt":"2017-04-11T04:13:55","guid":{"rendered":"http:\/\/www.inter-accion.com.mx\/?p=3484"},"modified":"2017-04-10T23:13:55","modified_gmt":"2017-04-11T04:13:55","slug":"appg-decide-no-movilizarse-durante-el-periodo-vacacional-de-semana-santa","status":"publish","type":"post","link":"https:\/\/www.interaccionnoticias.com.mx\/?p=3484","title":{"rendered":"APPG decide no movilizarse durante el periodo vacacional de Semana Santa"},"content":{"rendered":"<p>Aunque refiere que son muchos los pendientes que tiene con el gobierno estatal, la Asamblea Popular de los Pueblos de Guerrero (APPG) anticip\u00f3 que no se movilizar\u00e1 durante el periodo vacacional de Semana Santa.<br \/>\nLa ma\u00f1ana del lunes 10 de abril, representantes de diferentes organizaciones sociales se congregaron en el monumento del general Emiliano Zapata Salazar, en la parte sur de la ciudad para conmemorar un aniversario m\u00e1s de la emboscada que termin\u00f3 con la vida del caudillo del sur.<br \/>\nAh\u00ed, Nicol\u00e1s Ch\u00e1vez Adame, dirigente de la APPG, sostuvo que hay en estos momentos, una pol\u00edtica de mano dura por parte del gobierno estatal contra las organizaciones sociales, por lo que debe generarse una convocatoria para cerrar filas en contra de cualquier intento de represi\u00f3n.<br \/>\nComo ejemplo puso su caso, ya que recientemente debi\u00f3 solicitar el beneficio del amparo ante la justicia federal, luego de que se liber\u00f3 en su contra una orden de aprehensi\u00f3n por el delito de da\u00f1o en propiedad ajena.<br \/>\nUna vez que cuenta con el amparo, dijo que est\u00e1 en condiciones de solicitar la reanudaci\u00f3n del dialogo para desahogar varios asuntos que est\u00e1n pendientes con el gobierno estatal, algunos incluso minutados.<br \/>\nDe ser necesario, indic\u00f3 que la APPG recurrir\u00e1 a la movilizaci\u00f3n social, para exigir la soluci\u00f3n a diferentes demandas.<br \/>\nSin embargo, precis\u00f3 que las protestas se realizar\u00e1n despu\u00e9s de Semana Santa, para no perjudicar las actividades que comprenden estas fechas para la comunidad religiosa.<br \/>\nEn la guardia de honor frente al monumento al general Zapata participaron dirigentes de diferentes organizaciones, como Nicomedes Fuentes, sobreviviente de la Guerra Sucia de los 70s, Norberto Refugio Cham\u00fa, del Frente Popular y Javier Morlett Macho, que en su momento fuera coordinador de los Di\u00e1logos por la Paz, adem\u00e1s de integrante de la Comisi\u00f3n Ejecutiva de Atenci\u00f3n a V\u00edctimas (CEAV).<br \/>\n&nbsp;<br \/>\n&nbsp;<\/p>\n","protected":false},"excerpt":{"rendered":"<p>Aunque refiere que son muchos los pendientes que tiene con el gobierno estatal, la Asamblea Popular de los Pueblos de Guerrero (APPG) anticip\u00f3 que no se movilizar\u00e1 durante el periodo&hellip; <\/p>\n","protected":false},"author":1,"featured_media":0,"comment_status":"open","ping_status":"open","sticky":false,"template":"","format":"standard","meta":{"fifu_image_url":"","fifu_image_alt":"","footnotes":""},"categories":[8,15],"tags":[],"class_list":["post-3484","post","type-post","status-publish","format-standard","hentry","category-featured","category-movimientos-sociales"],"_links":{"self":[{"href":"https:\/\/www.interaccionnoticias.com.mx\/index.php?rest_route=\/wp\/v2\/posts\/3484","targetHints":{"allow":["GET"]}}],"collection":[{"href":"https:\/\/www.interaccionnoticias.com.mx\/index.php?rest_route=\/wp\/v2\/posts"}],"about":[{"href":"https:\/\/www.interaccionnoticias.com.mx\/index.php?rest_route=\/wp\/v2\/types\/post"}],"author":[{"embeddable":true,"href":"https:\/\/www.interaccionnoticias.com.mx\/index.php?rest_route=\/wp\/v2\/users\/1"}],"replies":[{"embeddable":true,"href":"https:\/\/www.interaccionnoticias.com.mx\/index.php?rest_route=%2Fwp%2Fv2%2Fcomments&post=3484"}],"version-history":[{"count":0,"href":"https:\/\/www.interaccionnoticias.com.mx\/index.php?rest_route=\/wp\/v2\/posts\/3484\/revisions"}],"wp:attachment":[{"href":"https:\/\/www.interaccionnoticias.com.mx\/index.php?rest_route=%2Fwp%2Fv2%2Fmedia&parent=3484"}],"wp:term":[{"taxonomy":"category","embeddable":true,"href":"https:\/\/www.interaccionnoticias.com.mx\/index.php?rest_route=%2Fwp%2Fv2%2Fcategories&post=3484"},{"taxonomy":"post_tag","embeddable":true,"href":"https:\/\/www.interaccionnoticias.com.mx\/index.php?rest_route=%2Fwp%2Fv2%2Ftags&post=3484"}],"curies":[{"name":"wp","href":"https:\/\/api.w.org\/{rel}","templated":true}]}}