{"id":34772,"date":"2021-07-12T12:50:42","date_gmt":"2021-07-12T17:50:42","guid":{"rendered":"http:\/\/www.inter-accion.com.mx\/?p=34772"},"modified":"2021-07-12T12:50:42","modified_gmt":"2021-07-12T17:50:42","slug":"34772","status":"publish","type":"post","link":"https:\/\/www.interaccionnoticias.com.mx\/?p=34772","title":{"rendered":"Trabajadores sindicalizados toman Palacio Municipal de Chilpancingo"},"content":{"rendered":"\n<p><strong><em>&#8211; La secci\u00f3n XXVIII del SUSPEG exige soluci\u00f3n a su pliego petitorio<\/em><\/strong><\/p>\n\n\n\n<p><strong>Rogelio Agust\u00edn<\/strong><\/p>\n\n\n\n<p>Integrantes de la secci\u00f3n 28 del Sindicato \u00danico de Servidores P\u00fablicos del Estado de Guerrero (SUSPEG) tomaron el Palacio Municipal de Chilpancingo, para reclamar la liberaci\u00f3n de recursos que les debe el alcalde Antonio Gaspar Beltr\u00e1n.<\/p>\n\n\n\n<p>Desde las 08:00 horas de este lunes 12 de julio, Los trabajadores sindicalizados llegaron al centro de Chilpancingo, tuvieron una reuni\u00f3n muy breve para luego pasar a instalarse en los principales accesos, para decir que a partir de ese momento el inmueble quedar\u00eda bajo su control.<\/p>\n\n\n\n<p>Salom\u00f3n Cruz Gallardo, uno de los integrantes del Comit\u00e9 Seccional, explic\u00f3 que la decisi\u00f3n de tomar las instalaciones del Ayuntamiento se tom\u00f3 de ultimo minuto, pues se quiso aprovechar el elemento sorpresa para no permitir que los funcionarios sustrajeran documentos ni equipos que les permitan seguir trabajando.<\/p>\n\n\n\n<p>Lo anterior, porque al existir fugas de informaci\u00f3n permiten al personal administrativo tomar precauciones que le restan fuerza a las acciones de presi\u00f3n, lo que en esta ocasi\u00f3n ya no sucedi\u00f3.<\/p>\n\n\n\n<p>Los trabajadores reclaman la soluci\u00f3n a un pliego petitorio que el primer edil, Antonio Gaspar conoce desde inicio de a\u00f1o, entre ellos el incremento salarial emergente, el retroactivo correspondiente, pago de marcha para quienes fallecieron y cuyas familias siguen a la espera de los beneficios, adem\u00e1s del bono del D\u00eda del Padre.<\/p>\n\n\n\n<p>Salom\u00f3n Cruz Gallardo advirti\u00f3 que la toma del Palacio Municipal, as\u00ed como el paro laboral de la secci\u00f3n 28 del SUSPEG tiene un car\u00e1cter indefinido.<\/p>\n","protected":false},"excerpt":{"rendered":"<p>&#8211; La secci\u00f3n XXVIII del SUSPEG exige soluci\u00f3n a su pliego petitorio Rogelio Agust\u00edn Integrantes de la secci\u00f3n 28 del Sindicato \u00danico de Servidores P\u00fablicos del Estado de Guerrero (SUSPEG)&hellip; <\/p>\n","protected":false},"author":1,"featured_media":34773,"comment_status":"open","ping_status":"open","sticky":false,"template":"","format":"standard","meta":{"fifu_image_url":"","fifu_image_alt":"","footnotes":""},"categories":[13],"tags":[],"class_list":["post-34772","post","type-post","status-publish","format-standard","has-post-thumbnail","hentry","category-capital"],"_links":{"self":[{"href":"https:\/\/www.interaccionnoticias.com.mx\/index.php?rest_route=\/wp\/v2\/posts\/34772","targetHints":{"allow":["GET"]}}],"collection":[{"href":"https:\/\/www.interaccionnoticias.com.mx\/index.php?rest_route=\/wp\/v2\/posts"}],"about":[{"href":"https:\/\/www.interaccionnoticias.com.mx\/index.php?rest_route=\/wp\/v2\/types\/post"}],"author":[{"embeddable":true,"href":"https:\/\/www.interaccionnoticias.com.mx\/index.php?rest_route=\/wp\/v2\/users\/1"}],"replies":[{"embeddable":true,"href":"https:\/\/www.interaccionnoticias.com.mx\/index.php?rest_route=%2Fwp%2Fv2%2Fcomments&post=34772"}],"version-history":[{"count":0,"href":"https:\/\/www.interaccionnoticias.com.mx\/index.php?rest_route=\/wp\/v2\/posts\/34772\/revisions"}],"wp:featuredmedia":[{"embeddable":true,"href":"https:\/\/www.interaccionnoticias.com.mx\/index.php?rest_route=\/wp\/v2\/media\/34773"}],"wp:attachment":[{"href":"https:\/\/www.interaccionnoticias.com.mx\/index.php?rest_route=%2Fwp%2Fv2%2Fmedia&parent=34772"}],"wp:term":[{"taxonomy":"category","embeddable":true,"href":"https:\/\/www.interaccionnoticias.com.mx\/index.php?rest_route=%2Fwp%2Fv2%2Fcategories&post=34772"},{"taxonomy":"post_tag","embeddable":true,"href":"https:\/\/www.interaccionnoticias.com.mx\/index.php?rest_route=%2Fwp%2Fv2%2Ftags&post=34772"}],"curies":[{"name":"wp","href":"https:\/\/api.w.org\/{rel}","templated":true}]}}