{"id":34767,"date":"2021-07-12T12:46:45","date_gmt":"2021-07-12T17:46:45","guid":{"rendered":"http:\/\/www.inter-accion.com.mx\/?p=34767"},"modified":"2021-07-12T12:46:45","modified_gmt":"2021-07-12T17:46:45","slug":"34767","status":"publish","type":"post","link":"https:\/\/www.interaccionnoticias.com.mx\/?p=34767","title":{"rendered":"Descarta l\u00edder del Congreso enfrentamiento entre el gobierno de Astudillo y el de Evelyn Salgado"},"content":{"rendered":"\n<p><strong><em>&#8211; Alfredo S\u00e1nchez Esquivel reconoce que hay una administraci\u00f3n que trabaja adecuadamente en Guerrero<\/em><\/strong><\/p>\n\n\n\n<p><strong>Rogelio Agust\u00edn<\/strong><\/p>\n\n\n\n<p>El presidente de la Junta de Coordinaci\u00f3n Pol\u00edtica (Jucopo) del Congreso local, Alfredo S\u00e1nchez Esquivel descart\u00f3 la posibilidad de que haya una confrontaci\u00f3n pol\u00edtica entre el gobernador saliente, el pri\u00edsta H\u00e9ctor Astudillo Flores y la mandataria electa, Evelyn Salgado Pineda, quien fue postulada por el Movimiento de Regeneraci\u00f3n Nacional (Morena).<\/p>\n\n\n\n<p>S\u00e1nchez Esquivel coment\u00f3 que a tres d\u00edas de que el jefe del Ejecutivo local haga acto de presencia en las instalaciones del Poder Legislativo, para rendir su sexto y \u00faltimo informe de labores, entre las fuerzas pol\u00edticas que tienen presencia en la 63 Legislatura local existe armon\u00eda, lo que implica condiciones para garantizar el desarrollo del evento, que tendr\u00e1 verificativo ante el Pleno.<\/p>\n\n\n\n<p>Manifest\u00f3 que junto con sus compa\u00f1eros, los integrantes de la fracci\u00f3n parlamentaria de Morena, tienen ya una postura definida respecto al desempe\u00f1o del actual jefe del Ejecutivo local, aunque se abstuvo de profundizar en el sentido de la misma.<\/p>\n\n\n\n<p>Lo que s\u00ed reconoci\u00f3, es que el actual gobernador llega al sexto informe fortalecido en algunos aspectos, aunque en otros de manera evidente se enfrentan complicaciones, sin embargo, entre los elementos que la bancada de Morena reconoce, es que en Guerrero hay un gobierno que est\u00e1 operando y que ya se alista para entregar la estafeta.<\/p>\n\n\n\n<p>Anticip\u00f3 que entre las observaciones que la bancada de Morena realizar\u00e1, se encuentra el hecho de que se debe hacer lo necesario porque las condiciones en materia de combate a la pobreza, seguridad p\u00fablica, desarrollo econ\u00f3mico y fomento a la actividad agr\u00edcola mejore de manera sustancial, sin caer en el terreno de la confrontaci\u00f3n.<\/p>\n\n\n\n<p>Respecto a la posibilidad de que haya una confrontaci\u00f3n pol\u00edtica entre el gobierno que se va y el que entra, como sucede en otras entidades, con actores que pertenecen a diferentes fuerzas pol\u00edticas, descart\u00f3 que eso vaya a suceder en Guerrero.<\/p>\n\n\n\n<p>\u201cSi bien es cierto que no existe una relaci\u00f3n de gran amistad, lo que s\u00ed prevalece es mucho respeto entre el actual gobernador y nuestra gobernadora electa\u201d, dijo en un primer momento.<\/p>\n\n\n\n<p>M\u00e1s adelante, se\u00f1al\u00f3 que ser\u00e1 en el mes de septiembre cuando se sepa si hay diferencias de fondo.<\/p>\n\n\n\n<p>En todo caso, indic\u00f3 que Guerrero no merece un escenario de confrontaci\u00f3n, pues si bien la gobernadora electa tiene su origen en Morena, una vez que asuma el poder deber\u00e1 dejar de lado la camiseta partidista y ejercer el poder en beneficio de todos.<\/p>\n","protected":false},"excerpt":{"rendered":"<p>&#8211; Alfredo S\u00e1nchez Esquivel reconoce que hay una administraci\u00f3n que trabaja adecuadamente en Guerrero Rogelio Agust\u00edn El presidente de la Junta de Coordinaci\u00f3n Pol\u00edtica (Jucopo) del Congreso local, Alfredo S\u00e1nchez&hellip; <\/p>\n","protected":false},"author":1,"featured_media":34768,"comment_status":"open","ping_status":"open","sticky":false,"template":"","format":"standard","meta":{"fifu_image_url":"","fifu_image_alt":"","footnotes":""},"categories":[2],"tags":[],"class_list":["post-34767","post","type-post","status-publish","format-standard","has-post-thumbnail","hentry","category-congreso"],"_links":{"self":[{"href":"https:\/\/www.interaccionnoticias.com.mx\/index.php?rest_route=\/wp\/v2\/posts\/34767","targetHints":{"allow":["GET"]}}],"collection":[{"href":"https:\/\/www.interaccionnoticias.com.mx\/index.php?rest_route=\/wp\/v2\/posts"}],"about":[{"href":"https:\/\/www.interaccionnoticias.com.mx\/index.php?rest_route=\/wp\/v2\/types\/post"}],"author":[{"embeddable":true,"href":"https:\/\/www.interaccionnoticias.com.mx\/index.php?rest_route=\/wp\/v2\/users\/1"}],"replies":[{"embeddable":true,"href":"https:\/\/www.interaccionnoticias.com.mx\/index.php?rest_route=%2Fwp%2Fv2%2Fcomments&post=34767"}],"version-history":[{"count":0,"href":"https:\/\/www.interaccionnoticias.com.mx\/index.php?rest_route=\/wp\/v2\/posts\/34767\/revisions"}],"wp:featuredmedia":[{"embeddable":true,"href":"https:\/\/www.interaccionnoticias.com.mx\/index.php?rest_route=\/wp\/v2\/media\/34768"}],"wp:attachment":[{"href":"https:\/\/www.interaccionnoticias.com.mx\/index.php?rest_route=%2Fwp%2Fv2%2Fmedia&parent=34767"}],"wp:term":[{"taxonomy":"category","embeddable":true,"href":"https:\/\/www.interaccionnoticias.com.mx\/index.php?rest_route=%2Fwp%2Fv2%2Fcategories&post=34767"},{"taxonomy":"post_tag","embeddable":true,"href":"https:\/\/www.interaccionnoticias.com.mx\/index.php?rest_route=%2Fwp%2Fv2%2Ftags&post=34767"}],"curies":[{"name":"wp","href":"https:\/\/api.w.org\/{rel}","templated":true}]}}