{"id":34750,"date":"2021-07-09T17:33:03","date_gmt":"2021-07-09T22:33:03","guid":{"rendered":"http:\/\/www.inter-accion.com.mx\/?p=34750"},"modified":"2021-07-09T17:33:03","modified_gmt":"2021-07-09T22:33:03","slug":"34750","status":"publish","type":"post","link":"https:\/\/www.interaccionnoticias.com.mx\/?p=34750","title":{"rendered":"Sin vacunaci\u00f3n total contra el Covid ni acuerdo con los padres, no habr\u00e1 regreso presencial a clases"},"content":{"rendered":"\n<p><strong><em>&#8211; La secci\u00f3n XIV del SNTE admite la necesidad de garantizar la permanencia en el sem\u00e1foro verde<\/em><\/strong><\/p>\n\n\n\n<p><strong>Rogelio Agust\u00edn<\/strong><\/p>\n\n\n\n<p>El secretario general de la secci\u00f3n XIV del Sindicato Nacional de Trabajadores de la Educaci\u00f3n (SNTE), Javier San Mart\u00edn Jaramillo sostuvo que sin sem\u00e1foro verde, vacunaci\u00f3n total para el personal del sector y sin el consenso de los padres de la familia, no puede haber retorno presencial a clases.<\/p>\n\n\n\n<p>En Chilpancingo, el dirigente magisterial sostuvo que los acuerdos sobre el tema se plantean al m\u00e1s alto nivel, de cara a la posibilidad de retomar las actividades acad\u00e9micas en las escuelas.<\/p>\n\n\n\n<p>\u201cSe requiere permanecer en el color verde del sem\u00e1foro epidemiol\u00f3gico, que estemos vacunados todos los trabajadores de la educaci\u00f3n y que el regreso sea de manera voluntaria por parte de los padres de familia\u201d, destac\u00f3.<\/p>\n\n\n\n<p>Indic\u00f3 que sin una de las tres variables, el regreso pleno a clases no ser\u00e1 posible, porque simplemente no se van a generar las condiciones.<\/p>\n\n\n\n<p>Indic\u00f3 que los trabajadores de la educaci\u00f3n son los m\u00e1s interesados en regresar a clases, pero tambi\u00e9n se\u00f1al\u00f3 que existe la convicci\u00f3n de que el retorno se debe realizar con todos los ciudados, porque de lo contrario se puede presentar el escenario de un rebrote.<\/p>\n\n\n\n<p>Por esa raz\u00f3n, dijo que el sindicato hace de manera constante el llamado para cuidar la salud de los menores, de los j\u00f3venes y de los adultos mayores.<\/p>\n\n\n\n<p>Coment\u00f3 que a nivel nacional se estableci\u00f3 la meta de que se vacunara a todo el personal del sector, lo que se ha logrado y esto tambi\u00e9n se reflej\u00f3 en el estado de Guerrero, lo que representa un buen indicador para el posible retorno a las aulas.<\/p>\n\n\n\n<p>Hace falta que se afiance la permanencia en el sem\u00e1foro verde y que se logre generar un buen consenso con las asociaciones de padres de familia, de ah\u00ed la necesidad de trabajar intensamente durante las pr\u00f3ximas semanas.<\/p>\n","protected":false},"excerpt":{"rendered":"<p>&#8211; La secci\u00f3n XIV del SNTE admite la necesidad de garantizar la permanencia en el sem\u00e1foro verde Rogelio Agust\u00edn El secretario general de la secci\u00f3n XIV del Sindicato Nacional de&hellip; <\/p>\n","protected":false},"author":1,"featured_media":34751,"comment_status":"open","ping_status":"open","sticky":false,"template":"","format":"standard","meta":{"fifu_image_url":"","fifu_image_alt":"","footnotes":""},"categories":[6],"tags":[],"class_list":["post-34750","post","type-post","status-publish","format-standard","has-post-thumbnail","hentry","category-educacion"],"_links":{"self":[{"href":"https:\/\/www.interaccionnoticias.com.mx\/index.php?rest_route=\/wp\/v2\/posts\/34750","targetHints":{"allow":["GET"]}}],"collection":[{"href":"https:\/\/www.interaccionnoticias.com.mx\/index.php?rest_route=\/wp\/v2\/posts"}],"about":[{"href":"https:\/\/www.interaccionnoticias.com.mx\/index.php?rest_route=\/wp\/v2\/types\/post"}],"author":[{"embeddable":true,"href":"https:\/\/www.interaccionnoticias.com.mx\/index.php?rest_route=\/wp\/v2\/users\/1"}],"replies":[{"embeddable":true,"href":"https:\/\/www.interaccionnoticias.com.mx\/index.php?rest_route=%2Fwp%2Fv2%2Fcomments&post=34750"}],"version-history":[{"count":0,"href":"https:\/\/www.interaccionnoticias.com.mx\/index.php?rest_route=\/wp\/v2\/posts\/34750\/revisions"}],"wp:featuredmedia":[{"embeddable":true,"href":"https:\/\/www.interaccionnoticias.com.mx\/index.php?rest_route=\/wp\/v2\/media\/34751"}],"wp:attachment":[{"href":"https:\/\/www.interaccionnoticias.com.mx\/index.php?rest_route=%2Fwp%2Fv2%2Fmedia&parent=34750"}],"wp:term":[{"taxonomy":"category","embeddable":true,"href":"https:\/\/www.interaccionnoticias.com.mx\/index.php?rest_route=%2Fwp%2Fv2%2Fcategories&post=34750"},{"taxonomy":"post_tag","embeddable":true,"href":"https:\/\/www.interaccionnoticias.com.mx\/index.php?rest_route=%2Fwp%2Fv2%2Ftags&post=34750"}],"curies":[{"name":"wp","href":"https:\/\/api.w.org\/{rel}","templated":true}]}}