{"id":34723,"date":"2021-07-09T14:02:00","date_gmt":"2021-07-09T19:02:00","guid":{"rendered":"http:\/\/www.inter-accion.com.mx\/?p=34723"},"modified":"2021-07-09T14:02:00","modified_gmt":"2021-07-09T19:02:00","slug":"34723","status":"publish","type":"post","link":"https:\/\/www.interaccionnoticias.com.mx\/?p=34723","title":{"rendered":"El proceso electoral ya termin\u00f3, dice Evelyn Salgado"},"content":{"rendered":"\n<p><strong><em>&#8211; La gobernadora electa asegur\u00f3 que el 6 de junio el pueblo de Guerrero tuvo dio la \u00faltima palabra de forma contundente<br>&#8211; Reitera el llamado a la unidad y a la conciliaci\u00f3n<\/em><\/strong><\/p>\n\n\n\n<p><strong>Vianey Ponce<\/strong><\/p>\n\n\n\n<p>La gobernadora electa, Evelyn Salgado Pineda asegur\u00f3 que el proceso electoral ya concluy\u00f3 luego de que el 6 de junio el pueblo de Guerrero decidiera de manera contundente quien gobernar\u00e1 la entidad a partir del pr\u00f3ximo 15 de octubre.<\/p>\n\n\n\n<p>Tambi\u00e9n hizo un llamado a la unidad y conciliaci\u00f3n al interior de su partido, ante la supuesta celebraci\u00f3n simult\u00e1nea del s\u00e9ptimo aniversario de Morena por parte del ex aspirante a la gubernatura, Pablo Amilcar Sandoval Ballesteros.<\/p>\n\n\n\n<p>Evelyn Salgado Pineda asisti\u00f3 a la celebraci\u00f3n del s\u00e9ptimo aniversario de la obtenci\u00f3n del registro de Morena, organizado por el Comit\u00e9 Ejecutivo Estatal (CEE) del partido y celebrado en el sal\u00f3n Cuicalli en Chilpancingo.<\/p>\n\n\n\n<p>Ah\u00ed fue cuestionada sobre las declaraciones del ex candidato de la coalici\u00f3n PRI-PRD, Mario Moreno Arcos, referente a que el proceso electoral no ha concluido, pues a\u00fan est\u00e1n pendientes las impugnaciones presentadas en torno a las elecciones, entre ellas la de gobernador.<\/p>\n\n\n\n<p>Salgado Pineda se\u00f1al\u00f3 que es respetuosa de la etapa impugnativa, as\u00ed como de la decisi\u00f3n de los Tribunales.<\/p>\n\n\n\n<p>Dijo tambi\u00e9n que es entendible que los diferentes actores pol\u00edticos tengan su postura sobre el proceso electoral, pero los convoc\u00f3 a la conciliaci\u00f3n y unidad, \u00abporque el que sale ganando si hay unidad es el pueblo de Guerrero\u00bb, manifest\u00f3.<\/p>\n\n\n\n<p>Sin embargo, fue enf\u00e1tica sobre las declaraciones que&nbsp; recientemente realiz\u00f3 el ex secretario de Desarrollo Social del Estado, respecto a lo que pasa en la elecci\u00f3n de gobernador y refiri\u00f3 que el proceso electoral ya concluy\u00f3, por la contundencia en la que se gan\u00f3 la elecci\u00f3n.<\/p>\n\n\n\n<p>Y expres\u00f3: \u00abQuien dio la \u00faltima palabra fue el pueblo de Guerrero y lo dio de manera contundente el 6 de junio yo creo que ah\u00ed termino\u00bb.<\/p>\n\n\n\n<p><strong>No es signo de divisi\u00f3n<\/strong><\/p>\n\n\n\n<p>Sobre el supuesto festejo que de manera alterna realiz\u00f3 el ex delegado federal y aspirante a la gubernatura, Pablo Amilcar Sandoval por el s\u00e9ptimo aniversario de Morena, Salgado Pineda consider\u00f3:<\/p>\n\n\n\n<p>\u00abYo no creo que sea signo de divisi\u00f3n, desconozco el motivo por el cual hayan hecho dos eventos, pero com siempre lo hago, reitero mi llamado a la conciliaci\u00f3n a la unidad\u00bb.<\/p>\n\n\n\n<p>Agreg\u00f3: \u00abEste Movimiento de Regeneraci\u00f3n Nacional no es un proyecto de una sola persona o de un solo grupo, este es un proyecto de naci\u00f3n y tenemos que mantenernos Unidas y Unidos.<\/p>\n\n\n\n<p>Salgado Pineda asegur\u00f3 que al \u00fanico evento de celebraci\u00f3n de aniversario de su partido al que fue convocada, fue al que organiz\u00f3 el CEE de Morena, por eso es que asisti\u00f3.<\/p>\n","protected":false},"excerpt":{"rendered":"<p>&#8211; La gobernadora electa asegur\u00f3 que el 6 de junio el pueblo de Guerrero tuvo dio la \u00faltima palabra de forma contundente&#8211; Reitera el llamado a la unidad y a&hellip; <\/p>\n","protected":false},"author":1,"featured_media":34711,"comment_status":"open","ping_status":"open","sticky":false,"template":"","format":"standard","meta":{"fifu_image_url":"","fifu_image_alt":"","footnotes":""},"categories":[11],"tags":[],"class_list":["post-34723","post","type-post","status-publish","format-standard","has-post-thumbnail","hentry","category-guerrero"],"_links":{"self":[{"href":"https:\/\/www.interaccionnoticias.com.mx\/index.php?rest_route=\/wp\/v2\/posts\/34723","targetHints":{"allow":["GET"]}}],"collection":[{"href":"https:\/\/www.interaccionnoticias.com.mx\/index.php?rest_route=\/wp\/v2\/posts"}],"about":[{"href":"https:\/\/www.interaccionnoticias.com.mx\/index.php?rest_route=\/wp\/v2\/types\/post"}],"author":[{"embeddable":true,"href":"https:\/\/www.interaccionnoticias.com.mx\/index.php?rest_route=\/wp\/v2\/users\/1"}],"replies":[{"embeddable":true,"href":"https:\/\/www.interaccionnoticias.com.mx\/index.php?rest_route=%2Fwp%2Fv2%2Fcomments&post=34723"}],"version-history":[{"count":0,"href":"https:\/\/www.interaccionnoticias.com.mx\/index.php?rest_route=\/wp\/v2\/posts\/34723\/revisions"}],"wp:featuredmedia":[{"embeddable":true,"href":"https:\/\/www.interaccionnoticias.com.mx\/index.php?rest_route=\/wp\/v2\/media\/34711"}],"wp:attachment":[{"href":"https:\/\/www.interaccionnoticias.com.mx\/index.php?rest_route=%2Fwp%2Fv2%2Fmedia&parent=34723"}],"wp:term":[{"taxonomy":"category","embeddable":true,"href":"https:\/\/www.interaccionnoticias.com.mx\/index.php?rest_route=%2Fwp%2Fv2%2Fcategories&post=34723"},{"taxonomy":"post_tag","embeddable":true,"href":"https:\/\/www.interaccionnoticias.com.mx\/index.php?rest_route=%2Fwp%2Fv2%2Ftags&post=34723"}],"curies":[{"name":"wp","href":"https:\/\/api.w.org\/{rel}","templated":true}]}}