{"id":34719,"date":"2021-07-09T13:53:00","date_gmt":"2021-07-09T18:53:00","guid":{"rendered":"http:\/\/www.inter-accion.com.mx\/?p=34719"},"modified":"2021-07-09T13:53:00","modified_gmt":"2021-07-09T18:53:00","slug":"34719","status":"publish","type":"post","link":"https:\/\/www.interaccionnoticias.com.mx\/?p=34719","title":{"rendered":"Acuerda Mesa de Seguridad atender denuncia sobre desplazados de la Sierra de Zihuatanejo"},"content":{"rendered":"\n<p><strong><em>&#8211; Corporaciones del Estado y Federaci\u00f3n recorrer\u00e1n los pueblos presuntamente afectados<\/em><\/strong><\/p>\n\n\n\n<p><strong>Rogelio Agust\u00edn<\/strong><\/p>\n\n\n\n<p>Durante la sesi\u00f3n que celebr\u00f3 este viernes la Mesa Central para la Construcci\u00f3n de la Paz, el gobernador H\u00e9ctor Astudillo Flores y mandos de la federaci\u00f3n acordaron la realizaci\u00f3n de acciones de seguridad en la sierra de Zihuatanejo<\/p>\n\n\n\n<p>V\u00eda telef\u00f3nica, representantes de al menos 70 familias denunciaron que desde hace dos a\u00f1os, han sido v\u00edctimas de actos de extorsi\u00f3n por parte de un grupo de delincuentes que se hace llamar \u00abLos Cuernudos\u00bb, mismos que han impuesto cuotas que son impagables para los lugare\u00f1os.<\/p>\n\n\n\n<p>Dijeron que comenzaron cobr\u00e1ndoles 5, 10 y hasta 15 mil pesos, lo que ya no pudieron solventar, luego les quitaron ganado, tierras y al final los expulsaron.<\/p>\n\n\n\n<p>Para la ma\u00f1ana del viernes, el gobernador H\u00e9ctor Astudillo Flores y las autoridades representadas en la Mesa de Coordinaci\u00f3n para la Construcci\u00f3n de la Paz, acordaron la puesta en marcha de un operativo de seguridad en la zona de la sierra de Zihuatanejo, para efecto de verificar qu\u00e9 es lo que en realidad sucede.<\/p>\n\n\n\n<p>Las autoridades localizaron telef\u00f3nicamente a un hombre que se identific\u00f3 como Gerardo \u00abN\u00bb, quien asegur\u00f3 que fue quien se comunic\u00f3 v\u00eda telef\u00f3nica con varios medios de la capital de Guerrero, a los que habl\u00f3 sobre la circunstancia que enfrentan las personas que se han tenido que salir de sus pueblos.<\/p>\n\n\n\n<p>El se\u00f1or Gerardo asegur\u00f3 que hasta el momento no se han registrado v\u00edctimas mortales, aunque en la versi\u00f3n del jueves, se\u00f1al\u00f3 que ya son dos a\u00f1os de sometimiento a manos de \u00abLos Cornudos\u00bb.<\/p>\n\n\n\n<p>Se precis\u00f3 que la llamada telef\u00f3nica fue hecha personalmente por el Gobernador Astudillo Flores, durante la sesi\u00f3n de la Mesa de Seguridad realizada la ma\u00f1ana del 10 de julio, respondi\u00f3 quien se identific\u00f3 como \u00abGerardo \u00abN\u00bb y que se asumi\u00f3 que como habitante de las cercan\u00eda a la comunidad de Pantla, quien la noche del jueves hab\u00eda salido de la sierra de Zihuatanejo, tras declarar a diferentes medios de comunicaci\u00f3n v\u00eda telef\u00f3nica.<\/p>\n\n\n\n<p>El Gobernador le pregunt\u00f3 si se han registrado v\u00edctimas en esa zona de Guerrero y \u00abGerardo \u00abN \u00ab, respondi\u00f3, \u00abno, ahorita no, gracias a Dios estamos bien, no, ahorita est\u00e1 bien todo\u00bb.<\/p>\n\n\n\n<p>Las autoridades civiles y militares de la Mesa de Coordinaci\u00f3n para la Construcci\u00f3n de la Paz en Guerrero, acordaron acudir a la sierra de Zihuatanejo y realizar trabajos de vigilancia e inhibir los actos delictivos en los pueblos afectados.<\/p>\n\n\n\n<p>Se consideran los recorridos en El Mamey, Arroyo Seco, La Vainilla, La Soledad, Puertecitos, Pie de la Cuesta, El Zapotillo, El Abrojal, Piedras Rodadas y Paso del Burro.<\/p>\n\n\n\n<p>El Secretario General de Gobierno, Florencio Salazar Adame, inform\u00f3 que en fechas anteriores se han realizado recorridos en esa zona de la Sierra de Zihuatanejo para corroborar casos de inseguridad y desplazamientos, incluso, el titular de Seguridad P\u00fablica, David Portillo manifest\u00f3 que algunas personas les hab\u00edan dicho que no hab\u00eda ning\u00fan problema de desplazamiento.<\/p>\n\n\n\n<p>Sin embargo, las autoridades acordaron que se har\u00e1n nuevos recorridos en los pueblos en donde se reporta la incursi\u00f3n de los presuntos delincuentes.<\/p>\n","protected":false},"excerpt":{"rendered":"<p>&#8211; Corporaciones del Estado y Federaci\u00f3n recorrer\u00e1n los pueblos presuntamente afectados Rogelio Agust\u00edn Durante la sesi\u00f3n que celebr\u00f3 este viernes la Mesa Central para la Construcci\u00f3n de la Paz, el&hellip; <\/p>\n","protected":false},"author":1,"featured_media":34713,"comment_status":"open","ping_status":"open","sticky":false,"template":"","format":"standard","meta":{"fifu_image_url":"","fifu_image_alt":"","footnotes":""},"categories":[27],"tags":[],"class_list":["post-34719","post","type-post","status-publish","format-standard","has-post-thumbnail","hentry","category-seguridad-publica"],"_links":{"self":[{"href":"https:\/\/www.interaccionnoticias.com.mx\/index.php?rest_route=\/wp\/v2\/posts\/34719","targetHints":{"allow":["GET"]}}],"collection":[{"href":"https:\/\/www.interaccionnoticias.com.mx\/index.php?rest_route=\/wp\/v2\/posts"}],"about":[{"href":"https:\/\/www.interaccionnoticias.com.mx\/index.php?rest_route=\/wp\/v2\/types\/post"}],"author":[{"embeddable":true,"href":"https:\/\/www.interaccionnoticias.com.mx\/index.php?rest_route=\/wp\/v2\/users\/1"}],"replies":[{"embeddable":true,"href":"https:\/\/www.interaccionnoticias.com.mx\/index.php?rest_route=%2Fwp%2Fv2%2Fcomments&post=34719"}],"version-history":[{"count":0,"href":"https:\/\/www.interaccionnoticias.com.mx\/index.php?rest_route=\/wp\/v2\/posts\/34719\/revisions"}],"wp:featuredmedia":[{"embeddable":true,"href":"https:\/\/www.interaccionnoticias.com.mx\/index.php?rest_route=\/wp\/v2\/media\/34713"}],"wp:attachment":[{"href":"https:\/\/www.interaccionnoticias.com.mx\/index.php?rest_route=%2Fwp%2Fv2%2Fmedia&parent=34719"}],"wp:term":[{"taxonomy":"category","embeddable":true,"href":"https:\/\/www.interaccionnoticias.com.mx\/index.php?rest_route=%2Fwp%2Fv2%2Fcategories&post=34719"},{"taxonomy":"post_tag","embeddable":true,"href":"https:\/\/www.interaccionnoticias.com.mx\/index.php?rest_route=%2Fwp%2Fv2%2Ftags&post=34719"}],"curies":[{"name":"wp","href":"https:\/\/api.w.org\/{rel}","templated":true}]}}