{"id":34709,"date":"2021-07-09T13:20:00","date_gmt":"2021-07-09T18:20:00","guid":{"rendered":"http:\/\/www.inter-accion.com.mx\/?p=34709"},"modified":"2021-07-09T13:20:00","modified_gmt":"2021-07-09T18:20:00","slug":"34709","status":"publish","type":"post","link":"https:\/\/www.interaccionnoticias.com.mx\/?p=34709","title":{"rendered":"Declina Evelyn Salgado hablar sobre \u00abnarco-gobiernos\u00bb"},"content":{"rendered":"\n<p><strong><em>&#8211; Primero hay que llegar, responde ante declaraciones de Obispo Salvador Rangel Mendoza<\/em><\/strong><\/p>\n\n\n\n<p><strong>Jes\u00fas Dorantes<\/strong><\/p>\n\n\n\n<p>La gobernadora electa, Evelyn Salgado Pineda se reserv\u00f3 la opini\u00f3n que tiene respecto a la posible instalaci\u00f3n de \u00abnarco gobiernos\u00bb en el pa\u00eds, como lo se\u00f1al\u00f3 el Obispo Salvador Rangel Mendoza.<\/p>\n\n\n\n<p>En el inicio de la semana, durante una misa celebrada en la catedral de Santa Mar\u00eda de la Asunci\u00f3n, el obispo de la Di\u00f3cesis Chilpancingo-Chilapa dijo a sus feligreses que en el estado llegar\u00e1 el tiempo en que gobernar\u00e1n los narcos, ya no los pol\u00edticos.<\/p>\n\n\n\n<p>En un evento alusivo al s\u00e9ptimo aniversario de la obtenci\u00f3n del registro de Morena como partido pol\u00edtico en Guerrero, Salgado Pineda asever\u00f3: \u00abYo soy muy respetuosa de las declaraciones del obispo y de cualquier persona, pero bueno, primero hay que tomar protesta, hay que llegar, hay que ver como est\u00e1n las cosas\u00bb.<\/p>\n\n\n\n<p>Destac\u00f3 que no se puede opinar de lo que todav\u00eda no sucede, por lo que ser\u00e1 respetuosa de las declaraciones de Obispo Rangel Mendoza y de cualquier otro actor, por lo que se reservar\u00eda cualquier comentario.<\/p>\n\n\n\n<p>El gobernador H\u00e9ctor Astudillo Flores tambi\u00e9n fue cuestionado sobre dichas declaraciones, a lo que decidi\u00f3 no realizar ninguna declaraci\u00f3n.<\/p>\n\n\n\n<p>Se espera que en los pr\u00f3ximos d\u00edas, los \u00f3rganos electorales jurisdiccionales emitan la resoluci\u00f3n correspondiente a la impugnaci\u00f3n que present\u00f3 el candidato de la coalici\u00f3n PRI-PRD, Mario Moreno Arcos.<\/p>\n","protected":false},"excerpt":{"rendered":"<p>&#8211; Primero hay que llegar, responde ante declaraciones de Obispo Salvador Rangel Mendoza Jes\u00fas Dorantes La gobernadora electa, Evelyn Salgado Pineda se reserv\u00f3 la opini\u00f3n que tiene respecto a la&hellip; <\/p>\n","protected":false},"author":1,"featured_media":34712,"comment_status":"open","ping_status":"open","sticky":false,"template":"","format":"standard","meta":{"fifu_image_url":"","fifu_image_alt":"","footnotes":""},"categories":[11],"tags":[89,132],"class_list":["post-34709","post","type-post","status-publish","format-standard","has-post-thumbnail","hentry","category-guerrero","tag-evelyn-salgado-pineda","tag-la-torita"],"_links":{"self":[{"href":"https:\/\/www.interaccionnoticias.com.mx\/index.php?rest_route=\/wp\/v2\/posts\/34709","targetHints":{"allow":["GET"]}}],"collection":[{"href":"https:\/\/www.interaccionnoticias.com.mx\/index.php?rest_route=\/wp\/v2\/posts"}],"about":[{"href":"https:\/\/www.interaccionnoticias.com.mx\/index.php?rest_route=\/wp\/v2\/types\/post"}],"author":[{"embeddable":true,"href":"https:\/\/www.interaccionnoticias.com.mx\/index.php?rest_route=\/wp\/v2\/users\/1"}],"replies":[{"embeddable":true,"href":"https:\/\/www.interaccionnoticias.com.mx\/index.php?rest_route=%2Fwp%2Fv2%2Fcomments&post=34709"}],"version-history":[{"count":0,"href":"https:\/\/www.interaccionnoticias.com.mx\/index.php?rest_route=\/wp\/v2\/posts\/34709\/revisions"}],"wp:featuredmedia":[{"embeddable":true,"href":"https:\/\/www.interaccionnoticias.com.mx\/index.php?rest_route=\/wp\/v2\/media\/34712"}],"wp:attachment":[{"href":"https:\/\/www.interaccionnoticias.com.mx\/index.php?rest_route=%2Fwp%2Fv2%2Fmedia&parent=34709"}],"wp:term":[{"taxonomy":"category","embeddable":true,"href":"https:\/\/www.interaccionnoticias.com.mx\/index.php?rest_route=%2Fwp%2Fv2%2Fcategories&post=34709"},{"taxonomy":"post_tag","embeddable":true,"href":"https:\/\/www.interaccionnoticias.com.mx\/index.php?rest_route=%2Fwp%2Fv2%2Ftags&post=34709"}],"curies":[{"name":"wp","href":"https:\/\/api.w.org\/{rel}","templated":true}]}}