{"id":34700,"date":"2021-07-08T21:04:22","date_gmt":"2021-07-09T02:04:22","guid":{"rendered":"http:\/\/www.inter-accion.com.mx\/?p=34700"},"modified":"2021-07-08T21:04:22","modified_gmt":"2021-07-09T02:04:22","slug":"34700","status":"publish","type":"post","link":"https:\/\/www.interaccionnoticias.com.mx\/?p=34700","title":{"rendered":"Congreso aprueba el formato para el Sexto Informe de Gobierno"},"content":{"rendered":"\n<p><strong><em>&#8211; El jueves 15 de julio, H\u00e9ctor Astudillo comparecer\u00e1 ante el Pleno<\/em><\/strong><\/p>\n\n\n\n<p><strong>Vianey Ponce<\/strong><\/p>\n\n\n\n<p>Con 29 votos a favor, el pleno del Congreso del Estado aprob\u00f3 el formato de la sesi\u00f3n solemne en la que el gobernador H\u00e9ctor Astudillo Flores emitir\u00e1 un mensaje pol\u00edtico, en el contexto de su sexto y \u00faltimo informe de gobierno.<\/p>\n\n\n\n<p>La sesi\u00f3n de referencia se aprob\u00f3 para el pr\u00f3ximo jueves 15 de julio en punto de las 10:00 horas, en la sala de sesiones Primer Congreso de Anahuac.<\/p>\n\n\n\n<p>Antes de que intervenga el gobernador, las fracciones y representaciones de los partidos habr\u00e1n de plantear sus posturas, con un espacio de diez minutos cada uno.<\/p>\n\n\n\n<p>Posteriormente, el mandatario estatal habr\u00e1 de dirigir su mensaje, alusivo al sexto a\u00f1o de ejercicio constitucional.<\/p>\n\n\n\n<p>En varias ocasiones, el Jefe del Ejecutivo local, ha se\u00f1alado que le interesa hablar de lo que se pudo, lo que se avanz\u00f3 y lo que no se pudo hacer en los seis a\u00f1os de su administraci\u00f3n.<\/p>\n\n\n\n<p>Durante la sesi\u00f3n ordinaria de este jueves, se dio lectura al acuerdo suscrito por la Junta de Coordinaci\u00f3n Pol\u00edtica (JUCOPO), por medio del cual se da respuesta a la solicitud hecha por el gobernador referente a estar presente en la sede del Poder Legislativo, para y emitir un mensaje sobre el estado de guarda la administraci\u00f3n p\u00fablica de la entidad.<\/p>\n\n\n\n<p>Cabe destacar, que el documento que integra el sexto informe ya fue presentado de forma f\u00edsica el lunes 5 de juli por el secretario general de gobierno, Florencio Salazar Adame.<\/p>\n\n\n\n<p>De acuerdo con la Constituci\u00f3n, debido a la asistencia del gobernador ante el pleno, la sesi\u00f3n deber\u00e1 ser solemne, por ello se ajustara al siguiente orden del d\u00eda aprobado por los legisladores:<\/p>\n\n\n\n<p>Primero se desahogar\u00e1 la lista de asistencia, declaraci\u00f3n de qu\u00f3rum as\u00ed como el inicio de la sesi\u00f3n.<\/p>\n\n\n\n<p>En el formato se considera la fijaci\u00f3n de postura de los grupos parlamentarios y representaciones de partido, por un tiempo m\u00e1ximo de 10 minutos.<\/p>\n\n\n\n<p>Una vez que el gobernador emita su mensaje, la presidenta de la Mesa Directiva, Eunice Monz\u00f3n Garc\u00eda habr\u00e1 de hacer la contestaci\u00f3n al informe.<\/p>\n\n\n\n<p>Ya se considera el mensaje de un representante del Gobierno de la Rep\u00fablica, aunque todav\u00eda no se define quien tendr\u00e1 dicha tarea.<\/p>\n","protected":false},"excerpt":{"rendered":"<p>&#8211; El jueves 15 de julio, H\u00e9ctor Astudillo comparecer\u00e1 ante el Pleno Vianey Ponce Con 29 votos a favor, el pleno del Congreso del Estado aprob\u00f3 el formato de la&hellip; <\/p>\n","protected":false},"author":1,"featured_media":34698,"comment_status":"open","ping_status":"open","sticky":false,"template":"","format":"standard","meta":{"fifu_image_url":"","fifu_image_alt":"","footnotes":""},"categories":[2],"tags":[],"class_list":["post-34700","post","type-post","status-publish","format-standard","has-post-thumbnail","hentry","category-congreso"],"_links":{"self":[{"href":"https:\/\/www.interaccionnoticias.com.mx\/index.php?rest_route=\/wp\/v2\/posts\/34700","targetHints":{"allow":["GET"]}}],"collection":[{"href":"https:\/\/www.interaccionnoticias.com.mx\/index.php?rest_route=\/wp\/v2\/posts"}],"about":[{"href":"https:\/\/www.interaccionnoticias.com.mx\/index.php?rest_route=\/wp\/v2\/types\/post"}],"author":[{"embeddable":true,"href":"https:\/\/www.interaccionnoticias.com.mx\/index.php?rest_route=\/wp\/v2\/users\/1"}],"replies":[{"embeddable":true,"href":"https:\/\/www.interaccionnoticias.com.mx\/index.php?rest_route=%2Fwp%2Fv2%2Fcomments&post=34700"}],"version-history":[{"count":0,"href":"https:\/\/www.interaccionnoticias.com.mx\/index.php?rest_route=\/wp\/v2\/posts\/34700\/revisions"}],"wp:featuredmedia":[{"embeddable":true,"href":"https:\/\/www.interaccionnoticias.com.mx\/index.php?rest_route=\/wp\/v2\/media\/34698"}],"wp:attachment":[{"href":"https:\/\/www.interaccionnoticias.com.mx\/index.php?rest_route=%2Fwp%2Fv2%2Fmedia&parent=34700"}],"wp:term":[{"taxonomy":"category","embeddable":true,"href":"https:\/\/www.interaccionnoticias.com.mx\/index.php?rest_route=%2Fwp%2Fv2%2Fcategories&post=34700"},{"taxonomy":"post_tag","embeddable":true,"href":"https:\/\/www.interaccionnoticias.com.mx\/index.php?rest_route=%2Fwp%2Fv2%2Ftags&post=34700"}],"curies":[{"name":"wp","href":"https:\/\/api.w.org\/{rel}","templated":true}]}}