{"id":3470,"date":"2017-04-09T23:02:30","date_gmt":"2017-04-10T04:02:30","guid":{"rendered":"http:\/\/www.inter-accion.com.mx\/?p=3470"},"modified":"2017-04-09T23:02:30","modified_gmt":"2017-04-10T04:02:30","slug":"buscar-la-paz-mediante-ensenanzas-de-cristo-insta-obispo-a-feligreses","status":"publish","type":"post","link":"https:\/\/www.interaccionnoticias.com.mx\/?p=3470","title":{"rendered":"Buscar la paz mediante ense\u00f1anzas de Cristo, insta obispo a feligreses"},"content":{"rendered":"<p>El obispo de la di\u00f3cesis de Chilpancingo-Chilapa, Salvador Rangel Mendoza llam\u00f3 a los creyentes a no distraerse con cuestiones ajenas a la Semana Santa, durante la celebraci\u00f3n eucar\u00edstica del \u201cDomingo de Ramos\u201d en la plaza Primer Congreso de An\u00e1huac.<br \/>\nEn la celebraci\u00f3n realizada en la explanada del z\u00f3calo, Salvador Rangel estuvo acompa\u00f1ado del p\u00e1rroco de la iglesia de la Asunci\u00f3n de Mar\u00eda, Benito Cuenca Mayo, que al mediod\u00eda celebr\u00f3 otra misa dominical en la que pidi\u00f3 por la paz en Chilpancingo y por la disminuci\u00f3n de la violencia contra las familias.<br \/>\nEn su discurso matutino, Salvador Rangel llam\u00f3 a los feligreses a no \u00abpreocuparse\u201d por cuestiones ajenas a la celebraci\u00f3n religiosa de Semana Santa, que dio inicio este domingo y mejor centrarse en buscar la paz a trav\u00e9s de las ense\u00f1anzas de Jesucristo.<br \/>\nAl mediod\u00eda, el p\u00e1rroco Benito Cuenca exhort\u00f3 a los capitalinos a participar en las celebraciones, a propiciar un ambiente de paz, y a escuchar a las personas que han resultado afectadas por cuestiones de violencia.<br \/>\n\u201cNo nos podemos quedar estacionados (en la muerte), Cristo no solo padeci\u00f3, resucit\u00f3 de entre los muertos, sin embargo, pareciera que estamos estacionados a una cultura del dolor, del sufrimiento de la agon\u00eda y de la muerte\u201d, resalt\u00f3.<br \/>\nLa conmemoraci\u00f3n del \u201cDomingo de Ramos\u201d, inici\u00f3 en el punto conocido como Unidos por Guerrero a las 7 de la ma\u00f1ana, desde donde los cientos de creyentes caminaron hasta la explanada del z\u00f3calo.<br \/>\nRangel Mendoza, recientemente declar\u00f3 que no hablar\u00eda m\u00e1s de temas ligados a delincuencia, luego de que confes\u00f3 haber sostenido di\u00e1logos con jefes de bandas delictivas, con el fin de evitar agresiones contra sacerdotes, y como una labor pastoral para buscar la paz.<br \/>\n&nbsp;<br \/>\n&nbsp;<br \/>\n&nbsp;<\/p>\n","protected":false},"excerpt":{"rendered":"<p>El obispo de la di\u00f3cesis de Chilpancingo-Chilapa, Salvador Rangel Mendoza llam\u00f3 a los creyentes a no distraerse con cuestiones ajenas a la Semana Santa, durante la celebraci\u00f3n eucar\u00edstica del \u201cDomingo&hellip; <\/p>\n","protected":false},"author":1,"featured_media":0,"comment_status":"open","ping_status":"open","sticky":false,"template":"","format":"standard","meta":{"fifu_image_url":"","fifu_image_alt":"","footnotes":""},"categories":[8,29],"tags":[],"class_list":["post-3470","post","type-post","status-publish","format-standard","hentry","category-featured","category-sociedad"],"_links":{"self":[{"href":"https:\/\/www.interaccionnoticias.com.mx\/index.php?rest_route=\/wp\/v2\/posts\/3470","targetHints":{"allow":["GET"]}}],"collection":[{"href":"https:\/\/www.interaccionnoticias.com.mx\/index.php?rest_route=\/wp\/v2\/posts"}],"about":[{"href":"https:\/\/www.interaccionnoticias.com.mx\/index.php?rest_route=\/wp\/v2\/types\/post"}],"author":[{"embeddable":true,"href":"https:\/\/www.interaccionnoticias.com.mx\/index.php?rest_route=\/wp\/v2\/users\/1"}],"replies":[{"embeddable":true,"href":"https:\/\/www.interaccionnoticias.com.mx\/index.php?rest_route=%2Fwp%2Fv2%2Fcomments&post=3470"}],"version-history":[{"count":0,"href":"https:\/\/www.interaccionnoticias.com.mx\/index.php?rest_route=\/wp\/v2\/posts\/3470\/revisions"}],"wp:attachment":[{"href":"https:\/\/www.interaccionnoticias.com.mx\/index.php?rest_route=%2Fwp%2Fv2%2Fmedia&parent=3470"}],"wp:term":[{"taxonomy":"category","embeddable":true,"href":"https:\/\/www.interaccionnoticias.com.mx\/index.php?rest_route=%2Fwp%2Fv2%2Fcategories&post=3470"},{"taxonomy":"post_tag","embeddable":true,"href":"https:\/\/www.interaccionnoticias.com.mx\/index.php?rest_route=%2Fwp%2Fv2%2Ftags&post=3470"}],"curies":[{"name":"wp","href":"https:\/\/api.w.org\/{rel}","templated":true}]}}