{"id":34681,"date":"2021-07-08T20:37:01","date_gmt":"2021-07-09T01:37:01","guid":{"rendered":"http:\/\/www.inter-accion.com.mx\/?p=34681"},"modified":"2021-07-08T20:37:01","modified_gmt":"2021-07-09T01:37:01","slug":"34681","status":"publish","type":"post","link":"https:\/\/www.interaccionnoticias.com.mx\/?p=34681","title":{"rendered":"\u201cEstar a la altura de las circunstancias\u201d, pide Astudillo a quienes no ganaron las elecciones"},"content":{"rendered":"\n<p><strong><em>&#8211; \u201cNo fui la verg\u00fcenza ni una carga para mi partido\u201d, asume el jefe del Ejecutivo local<\/em><\/strong><\/p>\n\n\n\n<p><strong>Rogelio Agust\u00edn Esteban<\/strong><\/p>\n\n\n\n<p>\u201cNo fui una verg\u00fcenza para el PRI ni para el estado de Guerrero\u201d, dijo el gobernador H\u00e9ctor Astudillo Flores, al reconocer que al seno de su partido debe hacerse un an\u00e1lisis muy serio respecto a lo que pas\u00f3 en las elecciones del 6 de junio, tambi\u00e9n hizo un llamado a quienes no resultaron ganadores para comportarse \u201ca la altura de las circunstancias\u201d.<\/p>\n\n\n\n<p>Ante las declaraciones hechas por el candidato a la gubernatura de la coalici\u00f3n PRI-PRD, Mario Moreno Arcos, en el sentido de que su partido, el tricolor se encuentra secuestrado por caciques que deciden la mayor\u00eda de las candidaturas, el mandatario estatal refiri\u00f3 que \u201csiempre que las cosas nos resultan dif\u00edciles, siempre suceden este tipo de acontecimientos y de comentarios\u201d.<\/p>\n\n\n\n<p>El gobernador admiti\u00f3 que asumir un escenario adverso siempre resulta complejo, por lo que estableci\u00f3: \u201cLo que siempre he recomendado, es que se necesita mucha serenidad. Yo ya lo viv\u00ed, ya viv\u00ed los tiempos de la adversidad, en 2005 yo perd\u00ed las elecciones y creo que es un momento nada sencillo, en el que se requiere de mucha serenidad, mucho temple y determinaci\u00f3n respecto a lo que se va a decir y tambi\u00e9n a quien se va a se\u00f1alar\u201d.<\/p>\n\n\n\n<p>En su caso, dijo que ha reconocido muy especialmente la importancia de quienes participaron como candidatos en la elecci\u00f3n pasada, porque implic\u00f3 un esfuerzo sumamente importante.<\/p>\n\n\n\n<p>Se asumi\u00f3 como militante del PRI y enfatiz\u00f3: \u201cLo voy a seguir siendo y llegado el momento nos corresponder\u00e1 hacer un an\u00e1lisis de que es lo que sucedi\u00f3, eso es algo necesario; lo m\u00e1s inadecuado es no hacer un an\u00e1lisis de lo que sucedi\u00f3 y seguir pensando en que as\u00ed tenemos que continuar, tenemos que trabajar incluso con un grupo de profesionales para saber que se hizo y que se dej\u00f3 de hacer\u201d.<\/p>\n\n\n\n<p>Record\u00f3 que al principio de la contienda, el margen en la intenci\u00f3n del voto era muy amplio en cuanto a la desventaja que pesaba sobre el tricolor, pero al final se termin\u00f3 con un resultado muy cerrado.<\/p>\n\n\n\n<p>A\u00fan as\u00ed, dijo que comprend\u00eda muy bien el sentido de los comentarios, por lo que admite: \u201cNo hay que espantarse\u201d.<\/p>\n\n\n\n<p>Luego insiste: \u201cLa vida contin\u00faa, cada quien debe demostrar de que est\u00e1 hecho; los que van a gobernar que demuestren por qu\u00e9 van a gobernar y los que no, pues que demuestren que en el peor momento estuvieron a la altura de las circunstancias\u201d.<\/p>\n\n\n\n<p>Insisti\u00f3 en que sabe muy bien que es lo que sucede en el caso del PRI, pues \u201clos \u00e1nimos no est\u00e1n en la c\u00faspide de la alegr\u00eda, por es normal hay que entenderlo, dar orientaci\u00f3n, colaborar y ayudar\u201d.<\/p>\n\n\n\n<p>No fui una carga para el PRI en la elecci\u00f3n<\/p>\n\n\n\n<p>Record\u00f3 que ha sido respetuoso del proceso y ratific\u00f3 su disposici\u00f3n de mantenerse en la misma ruta.<\/p>\n\n\n\n<p>Sin embargo, llegado el tiempo de la reflexi\u00f3n, anticip\u00f3 que se debe actuar con mucha claridad: \u201cLo que tiene que hacer el PRI es un ejercicio colectivo de autocr\u00edtica, de ver que es lo que sucedi\u00f3, yo no veo al PRI desecho, los puntos por los que se perdieron fueron cuatro y el estado qued\u00f3 dividido, se va a tener que gobernar considerando que no todo el estado es de un partido pol\u00edtico. La actitud de los que van a gobernar, es de que no todos los guerrerenses est\u00e1n con los que van a gobernar y que se debe convencer a m\u00e1s\u201d.<\/p>\n\n\n\n<p>Para el jefe del Ejecutivo local, lo que se demuestra es que Guerrero es un estado plural, no inclinado solo hacia una fuerza pol\u00edtica.<\/p>\n\n\n\n<p>Por eso, ante los cuestionamientos que surgen ante la confirmaci\u00f3n de los resultados, reiter\u00f3 que tiene su origen pol\u00edtico muy claro.<\/p>\n\n\n\n<p>Y refiere: \u201c S\u00e9 perfectamente lo que valgo, no estoy pensando que soy el non plus ultra, pero tampoco estoy pensando que soy un gobernador que haya andado causando tristeza, l\u00e1stima o verg\u00fcenza, yo puedo andar en todos lados, comunicar, hablar con todos, porque esa ha sido mi vida, de dialogo\u201d.<\/p>\n\n\n\n<p>Y sostiene: \u201cEn los momentos dif\u00edciles de mi vida he tratado de actuar con altura de miras, yo nunca fui una carga para mi partido, ni Morena ni PRI se ocuparon en llamarme a comportarme, o manifestaron que tuviera cometiendo actividades fuera de mi responsabilidad\u201d.<\/p>\n\n\n\n<p>Cierra: \u201cNo s\u00e9 si fui bueno o malo, pero no fui una verg\u00fcenza, ni para el PRI ni para los guerrerenses\u201d.<\/p>\n\n\n\n<p>Es probable que haya encuentros con Evelyn Salgado antes de septiembre<\/p>\n\n\n\n<p>Aunque manifest\u00f3 que se encuentra a la espera de que los \u00f3rganos jurisdiccionales resuelvan lo relacionado con los procesos de impugnaci\u00f3n que derivan de la contienda del 6 de junio, reconoci\u00f3 que hay ganadores reconocidos por las instancias oficiales.<\/p>\n\n\n\n<p>En consecuencia, destac\u00f3 que no descarta la posibilidad de reunirse con la gobernadora electa, Evelyn Salgado Pineda antes del mes de septiembre, cuando de acuerdo con la ley se debe realizar el proceso de entrega recepci\u00f3n.<\/p>\n\n\n\n<p>Reconoci\u00f3 que la felicitaci\u00f3n que Salgado Pineda le dirigi\u00f3, en el contexto de su cumplea\u00f1os, es una muestra de voluntad y de disposici\u00f3n para avanzar en la ruta del dialogo.<\/p>\n\n\n\n<p>Y destac\u00f3 que se encuentra listo para comparecer el pr\u00f3ximo 15 de julio ante el Pleno del Congreso local, para efecto de dirigir un mensaje en el contexto de su sexto y \u00faltimo informe de labores.<\/p>\n","protected":false},"excerpt":{"rendered":"<p>&#8211; \u201cNo fui la verg\u00fcenza ni una carga para mi partido\u201d, asume el jefe del Ejecutivo local Rogelio Agust\u00edn Esteban \u201cNo fui una verg\u00fcenza para el PRI ni para el&hellip; <\/p>\n","protected":false},"author":1,"featured_media":34682,"comment_status":"open","ping_status":"open","sticky":false,"template":"","format":"standard","meta":{"fifu_image_url":"","fifu_image_alt":"","footnotes":""},"categories":[11],"tags":[115],"class_list":["post-34681","post","type-post","status-publish","format-standard","has-post-thumbnail","hentry","category-guerrero","tag-hector-astudillo-2"],"_links":{"self":[{"href":"https:\/\/www.interaccionnoticias.com.mx\/index.php?rest_route=\/wp\/v2\/posts\/34681","targetHints":{"allow":["GET"]}}],"collection":[{"href":"https:\/\/www.interaccionnoticias.com.mx\/index.php?rest_route=\/wp\/v2\/posts"}],"about":[{"href":"https:\/\/www.interaccionnoticias.com.mx\/index.php?rest_route=\/wp\/v2\/types\/post"}],"author":[{"embeddable":true,"href":"https:\/\/www.interaccionnoticias.com.mx\/index.php?rest_route=\/wp\/v2\/users\/1"}],"replies":[{"embeddable":true,"href":"https:\/\/www.interaccionnoticias.com.mx\/index.php?rest_route=%2Fwp%2Fv2%2Fcomments&post=34681"}],"version-history":[{"count":0,"href":"https:\/\/www.interaccionnoticias.com.mx\/index.php?rest_route=\/wp\/v2\/posts\/34681\/revisions"}],"wp:featuredmedia":[{"embeddable":true,"href":"https:\/\/www.interaccionnoticias.com.mx\/index.php?rest_route=\/wp\/v2\/media\/34682"}],"wp:attachment":[{"href":"https:\/\/www.interaccionnoticias.com.mx\/index.php?rest_route=%2Fwp%2Fv2%2Fmedia&parent=34681"}],"wp:term":[{"taxonomy":"category","embeddable":true,"href":"https:\/\/www.interaccionnoticias.com.mx\/index.php?rest_route=%2Fwp%2Fv2%2Fcategories&post=34681"},{"taxonomy":"post_tag","embeddable":true,"href":"https:\/\/www.interaccionnoticias.com.mx\/index.php?rest_route=%2Fwp%2Fv2%2Ftags&post=34681"}],"curies":[{"name":"wp","href":"https:\/\/api.w.org\/{rel}","templated":true}]}}