{"id":34657,"date":"2021-07-07T19:03:00","date_gmt":"2021-07-08T00:03:00","guid":{"rendered":"http:\/\/www.inter-accion.com.mx\/?p=34657"},"modified":"2021-07-07T19:03:00","modified_gmt":"2021-07-08T00:03:00","slug":"34657","status":"publish","type":"post","link":"https:\/\/www.interaccionnoticias.com.mx\/?p=34657","title":{"rendered":"Avizoran organizaciones de campesinos una tensa relaci\u00f3n con la nueva administraci\u00f3n estatal"},"content":{"rendered":"\n<p><strong><em>&#8211; Perciben poca disposici\u00f3n para asumir acuerdos<\/em><\/strong><\/p>\n\n\n\n<p><strong>Rosario Garc\u00eda Orozco<\/strong><\/p>\n\n\n\n<p><strong>Chilpancingo, Gro., 7 de julio del 2021.-<\/strong> La relaci\u00f3n con la nueva administraci\u00f3n estatal podr\u00eda ser tanto o m\u00e1s dif\u00edcil que la qu\u00e9 hay entre el gobierno federal y las organizaciones sociales, vislumbr\u00f3 Evencio Romero Sotelo, dirigente de la Liga de Comunidades Agrarias y Sindicatos Campesinos.<\/p>\n\n\n\n<p>Explic\u00f3 que si los tribunales ratifican el triunfo de la gobernadora electa, Evelyn Salgado Pineda, y la morenista sigue los pasos del presidente Andr\u00e9s Manuel L\u00f3pez Obrador de sostener una pol\u00edtica de confrontaci\u00f3n con las organizaciones sociales, \u201cva a ser complicada la relaci\u00f3n\u201d, insisti\u00f3.<\/p>\n\n\n\n<p>El l\u00edder campesino tambi\u00e9n mencion\u00f3 que aun no definen cual va a ser la propuesta de beneficio al campo que plantear\u00e1n las casi 40 organizaciones sociales y campesinas aglutinadas en el bloque Fuerza Guerrerense, que en las pasadas elecciones apoyaron a los candidatos de la alianza conformada por los partidos Revolucionario Institucional y de la Revoluci\u00f3n Democr\u00e1tica (PRI-PRD).<\/p>\n\n\n\n<p>\u201cNos vamos a reunir para definir un posicionamiento en relaci\u00f3n al gobierno entrante\u201d, expuso Romero Sotelo, quien confirm\u00f3 que quienes forman parte de Fuerza Guerrerense est\u00e1n conscientes de que por la pol\u00edtica implementada por el gobierno de la Rep\u00fablica, encabezado por Andr\u00e9s Manuel L\u00f3pez Obrador, que es de ataque y satanizaci\u00f3n de estas asociaciones, ser\u00e1 dif\u00edcil la relaci\u00f3n con el pr\u00f3ximo gobierno del estado.<\/p>\n\n\n\n<p>A t\u00edtulo personal, dijo que su trato con la gobernadora electa ser\u00e1 \u201cde respeto y tambi\u00e9n espero que haya respeto por parte del gobierno entrante a las organizaciones\u201d.<\/p>\n\n\n\n<p>Extern\u00f3 que se pretende llevar a cabo un foro estatal en Chilpancingo en el que participen todas las organizaciones que conforman el bloque Fuerza Guerrerense, para definir cu\u00e1l ser\u00e1 la ruta que van a seguir con el gobierno que entrar\u00e1 a partir del 15 de octubre.<\/p>\n\n\n\n<p>Evencio Romero enfatiz\u00f3 que el ataque sistem\u00e1tico de L\u00f3pez Obrador contra las organizaciones sociales y campesinas, los oblig\u00f3 a apoyar a los partidos opositores al partido Movimiento de Regeneraci\u00f3n Nacional (Morena), \u201cporque no somos masoquistas, no vamos a ir a donde nos est\u00e1n mentando la madre, no vamos a apoyar a un cabr\u00f3n que nos est\u00e1 diciendo ma\u00f1osos, por eso optamos por la opci\u00f3n de apoyar a la coalici\u00f3n PRD-PRD, pero porque adem\u00e1s nosotros analizamos y vimos que guerrero est\u00e1 al margen de los apoyos para el campo que otorga el gobierno federal\u201d.<\/p>\n","protected":false},"excerpt":{"rendered":"<p>&#8211; Perciben poca disposici\u00f3n para asumir acuerdos Rosario Garc\u00eda Orozco Chilpancingo, Gro., 7 de julio del 2021.- La relaci\u00f3n con la nueva administraci\u00f3n estatal podr\u00eda ser tanto o m\u00e1s dif\u00edcil&hellip; <\/p>\n","protected":false},"author":1,"featured_media":34662,"comment_status":"open","ping_status":"open","sticky":false,"template":"","format":"standard","meta":{"fifu_image_url":"","fifu_image_alt":"","footnotes":""},"categories":[29],"tags":[90],"class_list":["post-34657","post","type-post","status-publish","format-standard","has-post-thumbnail","hentry","category-sociedad","tag-evencio-romero-sotelo"],"_links":{"self":[{"href":"https:\/\/www.interaccionnoticias.com.mx\/index.php?rest_route=\/wp\/v2\/posts\/34657","targetHints":{"allow":["GET"]}}],"collection":[{"href":"https:\/\/www.interaccionnoticias.com.mx\/index.php?rest_route=\/wp\/v2\/posts"}],"about":[{"href":"https:\/\/www.interaccionnoticias.com.mx\/index.php?rest_route=\/wp\/v2\/types\/post"}],"author":[{"embeddable":true,"href":"https:\/\/www.interaccionnoticias.com.mx\/index.php?rest_route=\/wp\/v2\/users\/1"}],"replies":[{"embeddable":true,"href":"https:\/\/www.interaccionnoticias.com.mx\/index.php?rest_route=%2Fwp%2Fv2%2Fcomments&post=34657"}],"version-history":[{"count":0,"href":"https:\/\/www.interaccionnoticias.com.mx\/index.php?rest_route=\/wp\/v2\/posts\/34657\/revisions"}],"wp:featuredmedia":[{"embeddable":true,"href":"https:\/\/www.interaccionnoticias.com.mx\/index.php?rest_route=\/wp\/v2\/media\/34662"}],"wp:attachment":[{"href":"https:\/\/www.interaccionnoticias.com.mx\/index.php?rest_route=%2Fwp%2Fv2%2Fmedia&parent=34657"}],"wp:term":[{"taxonomy":"category","embeddable":true,"href":"https:\/\/www.interaccionnoticias.com.mx\/index.php?rest_route=%2Fwp%2Fv2%2Fcategories&post=34657"},{"taxonomy":"post_tag","embeddable":true,"href":"https:\/\/www.interaccionnoticias.com.mx\/index.php?rest_route=%2Fwp%2Fv2%2Ftags&post=34657"}],"curies":[{"name":"wp","href":"https:\/\/api.w.org\/{rel}","templated":true}]}}