{"id":34653,"date":"2021-07-07T18:54:00","date_gmt":"2021-07-07T23:54:00","guid":{"rendered":"http:\/\/www.inter-accion.com.mx\/?p=34653"},"modified":"2021-07-07T18:54:00","modified_gmt":"2021-07-07T23:54:00","slug":"34653","status":"publish","type":"post","link":"https:\/\/www.interaccionnoticias.com.mx\/?p=34653","title":{"rendered":"Universitarios exigen que la campa\u00f1a y elecci\u00f3n de rector se aplace"},"content":{"rendered":"\n<p><strong><em>&#8211; Para que la elecci\u00f3n sea en modalidad presencial<\/em><\/strong><\/p>\n\n\n\n<p><strong>Rosario Garc\u00eda Orozco<\/strong><\/p>\n\n\n\n<p><strong>Chilpancingo, Gro., 7 de julio del 2021.-<\/strong> Integrantes de la Coalici\u00f3n Democr\u00e1tica Universitaria, exigieron que la campa\u00f1a y las votaciones de la Universidad Aut\u00f3noma de Guerrero (Uagro) se lleven a cabo de manera presencial y no digital; adem\u00e1s de que confiaron en que se pueda llegar a la candidatura de unidad para renovar la rector\u00eda.<\/p>\n\n\n\n<p>Insistieron que a partir del 12 de julio inician las vacaciones, de tal manera que no es posible llevar a cabo la elecci\u00f3n, por lo que pidieron que sea hasta el mes de marzo cuando se realice ese ejercicio democr\u00e1tico, adem\u00e1s de que varios estudiantes de nuevo ingreso en las preparatorias son menores de edad, \u201cy se vislumbra que los directores de escuelas pretendan captar el voto de esos estudiantes en particular\u201d.<\/p>\n\n\n\n<p>Del mismo modo, lamentaron que la convocatoria es para \u201celecci\u00f3n de rector\u201d, y cuestionaron que no se ampl\u00ede la posibilidad a que haya \u201cuna rectora. \u00bfD\u00f3nde est\u00e1 la paridad en la universidad?\u201d.<\/p>\n\n\n\n<p>Los l\u00edderes universitarios aglutinados en la Coalici\u00f3n Democr\u00e1tica Universitaria expresaron que si los responsables de la elecci\u00f3n llaman a votaciones en septiembre, pero a clases presenciales en febrero, \u201cestamos seguros de que va a haber fraude\u201d, insistieron.<\/p>\n\n\n\n<p>Agregaron que esperan en que la Uagro tenga un proceso democr\u00e1tico, por lo que propusieron que la campa\u00f1a y elecci\u00f3n se aplace, as\u00ed sea necesario prorrogar la rector\u00eda interina.<\/p>\n\n\n\n<p>\u201cQueremos que haya democracia y que las votaciones y campa\u00f1a sean presenciales, para que los universitarios conozcan las propuestas y perfiles de los candidatos a rector. Se trata de que sea un proceso electoral transparente, democr\u00e1tico, y de manera fraudulenta, de lo contrario solo ense\u00f1aremos a los estudiantes eso, a hacer fraudes\u201d, expresaron los l\u00edderes universitarios en conferencia de prensa.<\/p>\n\n\n\n<p>Recordaron que por muchos a\u00f1os la Uagro ha sido de las pocas universidades con elecci\u00f3n de rector a trav\u00e9s de voto secreto y directo, y confiaron en que no se pierda esa \u201cvirtud\u201d de la Uagro.<\/p>\n\n\n\n<p>Tambi\u00e9n se quejaron porque en la Uagro se han detectado anomal\u00edas en el uso de recursos, \u201cestamos en contra del uso y abuso de los recursos de la universidad\u201d, y exigieron que la administraci\u00f3n de la universidad aclare los procesos y gastos que realizan al interior de la M\u00e1xima Casa de Estudios.<\/p>\n","protected":false},"excerpt":{"rendered":"<p>&#8211; Para que la elecci\u00f3n sea en modalidad presencial Rosario Garc\u00eda Orozco Chilpancingo, Gro., 7 de julio del 2021.- Integrantes de la Coalici\u00f3n Democr\u00e1tica Universitaria, exigieron que la campa\u00f1a y&hellip; <\/p>\n","protected":false},"author":1,"featured_media":34642,"comment_status":"open","ping_status":"open","sticky":false,"template":"","format":"standard","meta":{"fifu_image_url":"","fifu_image_alt":"","footnotes":""},"categories":[30],"tags":[187],"class_list":["post-34653","post","type-post","status-publish","format-standard","has-post-thumbnail","hentry","category-universidad","tag-uagro"],"_links":{"self":[{"href":"https:\/\/www.interaccionnoticias.com.mx\/index.php?rest_route=\/wp\/v2\/posts\/34653","targetHints":{"allow":["GET"]}}],"collection":[{"href":"https:\/\/www.interaccionnoticias.com.mx\/index.php?rest_route=\/wp\/v2\/posts"}],"about":[{"href":"https:\/\/www.interaccionnoticias.com.mx\/index.php?rest_route=\/wp\/v2\/types\/post"}],"author":[{"embeddable":true,"href":"https:\/\/www.interaccionnoticias.com.mx\/index.php?rest_route=\/wp\/v2\/users\/1"}],"replies":[{"embeddable":true,"href":"https:\/\/www.interaccionnoticias.com.mx\/index.php?rest_route=%2Fwp%2Fv2%2Fcomments&post=34653"}],"version-history":[{"count":0,"href":"https:\/\/www.interaccionnoticias.com.mx\/index.php?rest_route=\/wp\/v2\/posts\/34653\/revisions"}],"wp:featuredmedia":[{"embeddable":true,"href":"https:\/\/www.interaccionnoticias.com.mx\/index.php?rest_route=\/wp\/v2\/media\/34642"}],"wp:attachment":[{"href":"https:\/\/www.interaccionnoticias.com.mx\/index.php?rest_route=%2Fwp%2Fv2%2Fmedia&parent=34653"}],"wp:term":[{"taxonomy":"category","embeddable":true,"href":"https:\/\/www.interaccionnoticias.com.mx\/index.php?rest_route=%2Fwp%2Fv2%2Fcategories&post=34653"},{"taxonomy":"post_tag","embeddable":true,"href":"https:\/\/www.interaccionnoticias.com.mx\/index.php?rest_route=%2Fwp%2Fv2%2Ftags&post=34653"}],"curies":[{"name":"wp","href":"https:\/\/api.w.org\/{rel}","templated":true}]}}