{"id":3458,"date":"2017-04-09T22:38:43","date_gmt":"2017-04-10T03:38:43","guid":{"rendered":"http:\/\/www.inter-accion.com.mx\/?p=3458"},"modified":"2017-04-09T22:38:43","modified_gmt":"2017-04-10T03:38:43","slug":"sesionan-2-de-las-comisiones-del-sistema-estatal-para-prevenir-atender-sancionar-y-erradicar-la-violencia-contra-las-mujeres","status":"publish","type":"post","link":"https:\/\/www.interaccionnoticias.com.mx\/?p=3458","title":{"rendered":"SESIONAN 2 DE LAS COMISIONES DEL SISTEMA ESTATAL PARA PREVENIR, ATENDER, SANCIONAR Y ERRADICAR LA VIOLENCIA CONTRA LAS MUJERES."},"content":{"rendered":"<p>Chilpancingo de los Bravo, Gro., a 07 de abril de 2017.- El Secretario General de Gobierno, Florencio Salazar Adame, presidi\u00f3 las primeras sesiones ordinarias de las comisiones de Alerta de G\u00e9nero y la comisi\u00f3n de Enlace y Promoci\u00f3n de la Participaci\u00f3n Ciudadana.<br \/>\n<span style=\"font-weight: 400;\">En la sesi\u00f3n de Alerta de Genero, se expuso el proceso que ha tenido la solicitud de emisi\u00f3n declaratoria de Alerta de Violencia de G\u00e9nero entre las mujeres, desde su recepci\u00f3n hasta la entrega del informe de acciones por parte del Gobierno del Estado.<\/span><br \/>\n<span style=\"font-weight: 400;\">En la sesi\u00f3n de Enlace y Promoci\u00f3n de la Participaci\u00f3n Ciudadana se convoc\u00f3 a las 81 instancias municipales de la mujer de las cuales acudieron 39 y se les present\u00f3 los objetivos, l\u00edneas de acci\u00f3n y metas de esta comisi\u00f3n. En la misma se acord\u00f3 un programa de articulaci\u00f3n y cooperaci\u00f3n entre las organizaciones de la Sociedad Civil y el Gobierno del Estado con el objetivo de fortalecer y promocionar los Derechos Humanos de las mujeres. <\/span><br \/>\n<span style=\"font-weight: 400;\">Por lo cual se form\u00f3 una subcomisi\u00f3n de trabajo integrada por Silvia Galeana Valente, Presidenta de la Fundaci\u00f3n Bloque Mujeres al Poder; Marina Reyna Aguilar, Presidenta de la Asociaci\u00f3n Guerrerenses contra la Violencia hacia las Mujeres; Erika Salinas Valadez, Coordinadora General de la Coalici\u00f3n Nacional de Mujeres Rurales; Erika Garrido Lara, Presidenta del Consejo Directivo de Mujeres de Tlapa. <\/span><br \/>\n<span style=\"font-weight: 400;\">Se aprob\u00f3 la agenda de Sesiones Ordinarias para el presente a\u00f1o, quedando tres fechas obligatorias para dar seguimiento al tema (28 de junio, 29 de septiembre y 24 de noviembre). <\/span><br \/>\n<span style=\"font-weight: 400;\">En ambas sesiones se cont\u00f3 con la presencia de Rosa In\u00e9s de la O, Secretaria de la Mujer; Adela Herrera de la O; Secretaria T\u00e9cnica del Sistema Estatal para Prevenir, Atender, Sancionar y Erradicar la Violencia contra las mujeres; Dalia Luz Plancarte, Directora del Centro de Justicia para las Mujeres; Gisela Ortega Moreno, Coordinadora General de Fortalecimiento Municipal, representantes de las dependencias de Derechos Humanos, Fiscal\u00eda General, Tribunal Superior de Justicia, Congreso del Estado, entre otras. <\/span><br \/>\n&nbsp;<\/p>\n","protected":false},"excerpt":{"rendered":"<p>Chilpancingo de los Bravo, Gro., a 07 de abril de 2017.- El Secretario General de Gobierno, Florencio Salazar Adame, presidi\u00f3 las primeras sesiones ordinarias de las comisiones de Alerta de&hellip; <\/p>\n","protected":false},"author":1,"featured_media":0,"comment_status":"open","ping_status":"open","sticky":false,"template":"","format":"standard","meta":{"fifu_image_url":"","fifu_image_alt":"","footnotes":""},"categories":[8,11],"tags":[],"class_list":["post-3458","post","type-post","status-publish","format-standard","hentry","category-featured","category-guerrero"],"_links":{"self":[{"href":"https:\/\/www.interaccionnoticias.com.mx\/index.php?rest_route=\/wp\/v2\/posts\/3458","targetHints":{"allow":["GET"]}}],"collection":[{"href":"https:\/\/www.interaccionnoticias.com.mx\/index.php?rest_route=\/wp\/v2\/posts"}],"about":[{"href":"https:\/\/www.interaccionnoticias.com.mx\/index.php?rest_route=\/wp\/v2\/types\/post"}],"author":[{"embeddable":true,"href":"https:\/\/www.interaccionnoticias.com.mx\/index.php?rest_route=\/wp\/v2\/users\/1"}],"replies":[{"embeddable":true,"href":"https:\/\/www.interaccionnoticias.com.mx\/index.php?rest_route=%2Fwp%2Fv2%2Fcomments&post=3458"}],"version-history":[{"count":0,"href":"https:\/\/www.interaccionnoticias.com.mx\/index.php?rest_route=\/wp\/v2\/posts\/3458\/revisions"}],"wp:attachment":[{"href":"https:\/\/www.interaccionnoticias.com.mx\/index.php?rest_route=%2Fwp%2Fv2%2Fmedia&parent=3458"}],"wp:term":[{"taxonomy":"category","embeddable":true,"href":"https:\/\/www.interaccionnoticias.com.mx\/index.php?rest_route=%2Fwp%2Fv2%2Fcategories&post=3458"},{"taxonomy":"post_tag","embeddable":true,"href":"https:\/\/www.interaccionnoticias.com.mx\/index.php?rest_route=%2Fwp%2Fv2%2Ftags&post=3458"}],"curies":[{"name":"wp","href":"https:\/\/api.w.org\/{rel}","templated":true}]}}