{"id":34541,"date":"2021-07-01T14:53:42","date_gmt":"2021-07-01T19:53:42","guid":{"rendered":"http:\/\/www.inter-accion.com.mx\/?p=34541"},"modified":"2021-07-01T14:53:42","modified_gmt":"2021-07-01T19:53:42","slug":"34541","status":"publish","type":"post","link":"https:\/\/www.interaccionnoticias.com.mx\/?p=34541","title":{"rendered":"Muro recientemente inaugurado por la SCT, se quiebra"},"content":{"rendered":"\n<p><em><strong>&#8211; Alertan por colapso en la zona poniente de Acapulco<\/strong><\/em><\/p>\n\n\n\n<p><strong>Javier Trujillo<\/strong><\/p>\n\n\n\n<p><strong>Acapulco, Gro.-<\/strong> Tras las intensas lluvias que dejaron a su paso \u00abDolores\u00bb y \u00abEnrique\u00bb, un tramo de la carretera federal Acapulco-Zihuatanejo, colapso y se corre el riesgo de cerrar la v\u00eda carretera.<\/p>\n\n\n\n<p>Al mediod\u00eda, la manifestaci\u00f3n de transportistas, dijo que tiene como finalidad que la Secretar\u00eda de Comunicaciones y Transportes repare la v\u00eda federal tras los trabajos realizados en la zona poniente.<\/p>\n\n\n\n<p>\u00abEstamos aqu\u00ed concentrados para hacerle la petici\u00f3n a la SCT para que repare de inmediato la carretera, y el muro que est\u00e1 por caerse.<\/p>\n\n\n\n<p>\u00abQueremos que nos quiten esta situaci\u00f3n que podr\u00eda generar una desgracia\u00bb, dijo Jes\u00fas Lino Macario, l\u00edder de taxistas de la zona poniente en el puerto de Acapulco.<\/p>\n\n\n\n<p>Explic\u00f3 que desde las primeras lluvias que dej\u00f3 la tormenta \u00abDolores\u00bb, y que se agudiz\u00f3 con la Tormenta Tropical \u00abEnrique\u00bb, ocasion\u00f3 el deslave del cerro y luego empez\u00f3 a levantarse la banqueta y con las siguientes lluvias el asfalto y el muro se movi\u00f3.<\/p>\n\n\n\n<p>Lino Macario, secretario general del sitio de taxis de la zona Poniente, alerta que es un aut\u00e9ntico peligro, a pesar de que el a\u00f1o pasado se termin\u00f3 la obra.<\/p>\n\n\n\n<p>\u00abHicieron, para nosotros, un buen trabajo, pero desgraciadamente la ingenier\u00eda no pudo con la naturaleza y aqu\u00ed se est\u00e1 deslizando la obra y hay un peligro latente\u00bb, insisti\u00f3.<\/p>\n","protected":false},"excerpt":{"rendered":"<p>&#8211; Alertan por colapso en la zona poniente de Acapulco Javier Trujillo Acapulco, Gro.- Tras las intensas lluvias que dejaron a su paso \u00abDolores\u00bb y \u00abEnrique\u00bb, un tramo de la&hellip; <\/p>\n","protected":false},"author":1,"featured_media":34522,"comment_status":"open","ping_status":"open","sticky":false,"template":"","format":"standard","meta":{"fifu_image_url":"","fifu_image_alt":"","footnotes":""},"categories":[9],"tags":[],"class_list":["post-34541","post","type-post","status-publish","format-standard","has-post-thumbnail","hentry","category-fenomenos-naturales"],"_links":{"self":[{"href":"https:\/\/www.interaccionnoticias.com.mx\/index.php?rest_route=\/wp\/v2\/posts\/34541","targetHints":{"allow":["GET"]}}],"collection":[{"href":"https:\/\/www.interaccionnoticias.com.mx\/index.php?rest_route=\/wp\/v2\/posts"}],"about":[{"href":"https:\/\/www.interaccionnoticias.com.mx\/index.php?rest_route=\/wp\/v2\/types\/post"}],"author":[{"embeddable":true,"href":"https:\/\/www.interaccionnoticias.com.mx\/index.php?rest_route=\/wp\/v2\/users\/1"}],"replies":[{"embeddable":true,"href":"https:\/\/www.interaccionnoticias.com.mx\/index.php?rest_route=%2Fwp%2Fv2%2Fcomments&post=34541"}],"version-history":[{"count":0,"href":"https:\/\/www.interaccionnoticias.com.mx\/index.php?rest_route=\/wp\/v2\/posts\/34541\/revisions"}],"wp:featuredmedia":[{"embeddable":true,"href":"https:\/\/www.interaccionnoticias.com.mx\/index.php?rest_route=\/wp\/v2\/media\/34522"}],"wp:attachment":[{"href":"https:\/\/www.interaccionnoticias.com.mx\/index.php?rest_route=%2Fwp%2Fv2%2Fmedia&parent=34541"}],"wp:term":[{"taxonomy":"category","embeddable":true,"href":"https:\/\/www.interaccionnoticias.com.mx\/index.php?rest_route=%2Fwp%2Fv2%2Fcategories&post=34541"},{"taxonomy":"post_tag","embeddable":true,"href":"https:\/\/www.interaccionnoticias.com.mx\/index.php?rest_route=%2Fwp%2Fv2%2Ftags&post=34541"}],"curies":[{"name":"wp","href":"https:\/\/api.w.org\/{rel}","templated":true}]}}