{"id":34536,"date":"2021-07-01T14:48:23","date_gmt":"2021-07-01T19:48:23","guid":{"rendered":"http:\/\/www.inter-accion.com.mx\/?p=34536"},"modified":"2021-07-01T14:48:23","modified_gmt":"2021-07-01T19:48:23","slug":"34536","status":"publish","type":"post","link":"https:\/\/www.interaccionnoticias.com.mx\/?p=34536","title":{"rendered":"A cuatro a\u00f1os de distancia, cuatro polic\u00edas estatales recuperar\u00e1n su empleo"},"content":{"rendered":"\n<p><strong><em>&#8211; Los uniformados fueron despedidos en 2017, por manifestarse para exigir mejores condiciones laborales<\/em><\/strong><br>\u00a0<br><strong>Jes\u00fas Dorantes<br><\/strong>\u00a0<br><strong>Chilpancingo, Gro.-<\/strong> Cuatro de los 176 polic\u00edas estatales que fueron despedidos el 31 de mayo del 2017 ser\u00e1n reintegrados a sus labores, sin represalias y con respeto a los salarios y bonos ca\u00eddos, luego de que un Juzgado Federal fallara a su favor.<\/p>\n\n\n\n<p>Manuel Garc\u00eda Guatemala, abogado de los oficiales despedidos, inform\u00f3 que Yesenia Dircio Mariano; Jaime Zapoteco Ab\u00fandez, Eleuterio Arizmendi Flores y Usai Mora Uvaldo, quienes fueron despedidos durante el periodo en que el general Pedro Almaz\u00e1n Cervantes fung\u00eda como titular se la Secretar\u00eda de Seguridad P\u00fablica (SSP), cuentan con el fallo de un juez que ordena su reinstalaci\u00f3n.<\/p>\n\n\n\n<p>La resoluci\u00f3n llega tras cuatro a\u00f1os de que fueron suspendidos, por lo que dicha situaci\u00f3n&nbsp;podr\u00eda favorecer a 23 m\u00e1s.<\/p>\n\n\n\n<p>El abogado explic\u00f3 que la SSP cuenta con un plazo de diez d\u00edas para recibir la notificaci\u00f3n, lo que sigue es la devoluci\u00f3n del trabajo a los elementos de la Polic\u00eda del Estado.<\/p>\n\n\n\n<p>De no acatarse el fallo, lo que viene ser\u00e1 un \u201cProcedimiento de Inejecuci\u00f3n\u201d, con el que se puede sancionar hasta con el retiro de su cargo a aquellos que no acaten la orden del juez federal.<\/p>\n\n\n\n<p>En su intervenci\u00f3n, el oficial despedido, quien encabez\u00f3 el movimiento en mayo de 2017, Jos\u00e9 Isabel Mu\u00f1os Franco, asegur\u00f3 que nunca realizaron un movimiento violento, bas\u00e1ndose siempre en lo legal, por lo que se\u00f1al\u00f3 su restituci\u00f3n como una muestra de que la justicia llega para todos aquellos que fueron v\u00edctimas de un despido injustificado.<\/p>\n\n\n\n<p>Mu\u00f1oz Franco reproch\u00f3 que el gobernador no haya recibido en ninguna ocasi\u00f3n a la comisi\u00f3n de los polic\u00edas despedidos, por lo que tuvieron que acudir a las instancias legales para ser escuchados, de tal suerte que ahora les otorgaron la raz\u00f3n.<\/p>\n","protected":false},"excerpt":{"rendered":"<p>&#8211; Los uniformados fueron despedidos en 2017, por manifestarse para exigir mejores condiciones laborales\u00a0Jes\u00fas Dorantes\u00a0Chilpancingo, Gro.- Cuatro de los 176 polic\u00edas estatales que fueron despedidos el 31 de mayo del&hellip; <\/p>\n","protected":false},"author":1,"featured_media":34537,"comment_status":"open","ping_status":"open","sticky":false,"template":"","format":"standard","meta":{"fifu_image_url":"","fifu_image_alt":"","footnotes":""},"categories":[27],"tags":[],"class_list":["post-34536","post","type-post","status-publish","format-standard","has-post-thumbnail","hentry","category-seguridad-publica"],"_links":{"self":[{"href":"https:\/\/www.interaccionnoticias.com.mx\/index.php?rest_route=\/wp\/v2\/posts\/34536","targetHints":{"allow":["GET"]}}],"collection":[{"href":"https:\/\/www.interaccionnoticias.com.mx\/index.php?rest_route=\/wp\/v2\/posts"}],"about":[{"href":"https:\/\/www.interaccionnoticias.com.mx\/index.php?rest_route=\/wp\/v2\/types\/post"}],"author":[{"embeddable":true,"href":"https:\/\/www.interaccionnoticias.com.mx\/index.php?rest_route=\/wp\/v2\/users\/1"}],"replies":[{"embeddable":true,"href":"https:\/\/www.interaccionnoticias.com.mx\/index.php?rest_route=%2Fwp%2Fv2%2Fcomments&post=34536"}],"version-history":[{"count":0,"href":"https:\/\/www.interaccionnoticias.com.mx\/index.php?rest_route=\/wp\/v2\/posts\/34536\/revisions"}],"wp:featuredmedia":[{"embeddable":true,"href":"https:\/\/www.interaccionnoticias.com.mx\/index.php?rest_route=\/wp\/v2\/media\/34537"}],"wp:attachment":[{"href":"https:\/\/www.interaccionnoticias.com.mx\/index.php?rest_route=%2Fwp%2Fv2%2Fmedia&parent=34536"}],"wp:term":[{"taxonomy":"category","embeddable":true,"href":"https:\/\/www.interaccionnoticias.com.mx\/index.php?rest_route=%2Fwp%2Fv2%2Fcategories&post=34536"},{"taxonomy":"post_tag","embeddable":true,"href":"https:\/\/www.interaccionnoticias.com.mx\/index.php?rest_route=%2Fwp%2Fv2%2Ftags&post=34536"}],"curies":[{"name":"wp","href":"https:\/\/api.w.org\/{rel}","templated":true}]}}