{"id":3452,"date":"2017-04-09T22:30:26","date_gmt":"2017-04-10T03:30:26","guid":{"rendered":"http:\/\/www.inter-accion.com.mx\/?p=3452"},"modified":"2017-04-09T22:30:26","modified_gmt":"2017-04-10T03:30:26","slug":"fue-rina-no-ataque-lo-ocurrido-en-antro-de-ixtapa-senala-el-gobernador-asudillo","status":"publish","type":"post","link":"https:\/\/www.interaccionnoticias.com.mx\/?p=3452","title":{"rendered":"Fue ri\u00f1a, no ataque lo ocurrido en antro de Ixtapa, se\u00f1ala el gobernador Asudillo"},"content":{"rendered":"<p>*Rechaza que grupos armados atacaran el antro en Ixtapa<br \/>\nUna discusi\u00f3n y ri\u00f1a entre clientes y meseros fue el principal motivo que origin\u00f3 una balacera en la discoteca \u201cLa Malquerida\u201d, en la zona tur\u00edstica de Ixtapa, en el municipio de Zihuatanejo.<br \/>\n\u201cNo fue un ataque premeditado. No fue un ataque armado, ah\u00ed lo que hubo fue un conflicto (entre meseros y clientes) que termin\u00f3 en las condiciones en que termin\u00f3, porque se origina un conflicto con parte de los meseros y al final de cuentas la persona que se sinti\u00f3 maltratada sale, regresa y mata a tres personas y otras m\u00e1s quedan heridas\u201d, aclar\u00f3 el gobernador H\u00e9ctor Astudillo Flores.<br \/>\nDe gira por la regi\u00f3n de la Costa Grande en la entidad, en los municipios de Petatl\u00e1n y de Zihuatanejo, Astudillo Flores sali\u00f3 al paso de especulaciones en relaci\u00f3n a la balacera en el antro \u201cLa Malquerida\u201d, que dej\u00f3 un saldo de cuatro personas muertas y otras con heridas de bala.<br \/>\nDescart\u00f3 la primera versi\u00f3n consignada por el vocero del Grupo de Coordinaci\u00f3n Guerrero, Roberto \u00c1lvarez Heredia, y asegur\u00f3 que no fue un grupo armado que atac\u00f3 a los clientes y trabajadores.<br \/>\n\u201cDe ser as\u00ed, har\u00eda suponer que todos los bares y todos los antros podr\u00edan ser objeto de la misma situaci\u00f3n y no es as\u00ed. Hubo un conflicto de desentendimiento que termin\u00f3 en un asesinato\u201d, dijo en entrevista en Zihuatanejo.<br \/>\n-\u00bfHay alg\u00fan avance en las investigaciones?, le cuestionaron los reporteros en el puerto de Zihuatanejo<br \/>\n-Se est\u00e1 haciendo, por eso precisamente le ped\u00ed al fiscal (Javier Olea Pel\u00e1ez) que nos acompa\u00f1ara. No va a afectar, en la medida que ustedes digan claramente la versi\u00f3n de lo que sucedi\u00f3 y que no se tergiverse en los t\u00e9rminos en que se ha manejado, y es mi obligaci\u00f3n como gobernador decirles que la investigaci\u00f3n y origen del hecho de violencia nos da que se dio despu\u00e9s de una ri\u00f1a.<br \/>\n-\u00bfQu\u00e9 har\u00e1 su gobierno para contrarrestar esta situaci\u00f3n (del hecho de violencia)?<br \/>\n-Mi gobierno est\u00e1 pendiente, haremos una reuni\u00f3n con el Ej\u00e9rcito, la Marina, para evitar que estos acontecimientos vuelvan a suceder. Lo que el gobernador no va a poder hacer es estar adentro de los bares para que nadie discuta, por supuesto que hay que organizar un operativo de seguridad m\u00e1s fuerte.<br \/>\nLo anterior durante un recorrido de supervisi\u00f3n para establecer los mecanismos para la rehabilitaci\u00f3n del muelle principal en Zihuatanejo. Antes, hizo entrega del bulevar de Petatl\u00e1n y entreg\u00f3 apoyos a la preparatoria n\u00famero 25 de la Universidad Aut\u00f3noma de Guerrero.<br \/>\n&nbsp;<\/p>\n","protected":false},"excerpt":{"rendered":"<p>*Rechaza que grupos armados atacaran el antro en Ixtapa Una discusi\u00f3n y ri\u00f1a entre clientes y meseros fue el principal motivo que origin\u00f3 una balacera en la discoteca \u201cLa Malquerida\u201d,&hellip; <\/p>\n","protected":false},"author":1,"featured_media":0,"comment_status":"open","ping_status":"open","sticky":false,"template":"","format":"standard","meta":{"fifu_image_url":"","fifu_image_alt":"","footnotes":""},"categories":[8,23],"tags":[],"class_list":["post-3452","post","type-post","status-publish","format-standard","hentry","category-featured","category-regionales"],"_links":{"self":[{"href":"https:\/\/www.interaccionnoticias.com.mx\/index.php?rest_route=\/wp\/v2\/posts\/3452","targetHints":{"allow":["GET"]}}],"collection":[{"href":"https:\/\/www.interaccionnoticias.com.mx\/index.php?rest_route=\/wp\/v2\/posts"}],"about":[{"href":"https:\/\/www.interaccionnoticias.com.mx\/index.php?rest_route=\/wp\/v2\/types\/post"}],"author":[{"embeddable":true,"href":"https:\/\/www.interaccionnoticias.com.mx\/index.php?rest_route=\/wp\/v2\/users\/1"}],"replies":[{"embeddable":true,"href":"https:\/\/www.interaccionnoticias.com.mx\/index.php?rest_route=%2Fwp%2Fv2%2Fcomments&post=3452"}],"version-history":[{"count":0,"href":"https:\/\/www.interaccionnoticias.com.mx\/index.php?rest_route=\/wp\/v2\/posts\/3452\/revisions"}],"wp:attachment":[{"href":"https:\/\/www.interaccionnoticias.com.mx\/index.php?rest_route=%2Fwp%2Fv2%2Fmedia&parent=3452"}],"wp:term":[{"taxonomy":"category","embeddable":true,"href":"https:\/\/www.interaccionnoticias.com.mx\/index.php?rest_route=%2Fwp%2Fv2%2Fcategories&post=3452"},{"taxonomy":"post_tag","embeddable":true,"href":"https:\/\/www.interaccionnoticias.com.mx\/index.php?rest_route=%2Fwp%2Fv2%2Ftags&post=3452"}],"curies":[{"name":"wp","href":"https:\/\/api.w.org\/{rel}","templated":true}]}}