{"id":34507,"date":"2021-06-30T23:52:48","date_gmt":"2021-07-01T04:52:48","guid":{"rendered":"http:\/\/www.inter-accion.com.mx\/?p=34507"},"modified":"2021-06-30T23:52:48","modified_gmt":"2021-07-01T04:52:48","slug":"34507","status":"publish","type":"post","link":"https:\/\/www.interaccionnoticias.com.mx\/?p=34507","title":{"rendered":"Gobernadoras electas de Morena se re\u00fanen con titular de la Segob"},"content":{"rendered":"\n<p><strong><em>&#8211; Pactan agenda en favor de las mujeres<\/em><\/strong><\/p>\n\n\n\n<p>Ciudad de M\u00e9xico, 30 de junio de 2021. La gobernadora electa de Guerrero, Evelyn Salgado Pineda, particip\u00f3 en un encuentro entre las gobernadoras electas de Morena y la titular de la Secretar\u00eda de Gobernaci\u00f3n, Olga S\u00e1nchez Cordero, para conformar una agenda de pol\u00edticas p\u00fablicas en favor de las mujeres.&nbsp;<\/p>\n\n\n\n<p>\u00abLas mujeres somos motor de la Cuarta Transformaci\u00f3n\u00bb, afirm\u00f3 Salgado Pineda en su p\u00e1gina de Facebook, donde comparti\u00f3 fotograf\u00edas de la reuni\u00f3n.&nbsp;<\/p>\n\n\n\n<p>La morenista destac\u00f3 que la Cuarta Transformaci\u00f3n es \u00abun movimiento incluyente, paritario, en el que todas y todos aportamos\u00bb.<\/p>\n\n\n\n<p>En el encuentro, las gobernadoras electas y la titular de la Segob ratificaron su compromiso de trabajar en coordinaci\u00f3n para erradicar la desigualdad de g\u00e9nero.<\/p>\n\n\n\n<p>Para ello, plantearon la construcci\u00f3n de una agenda con visi\u00f3n de g\u00e9nero, acorde a las necesidades y retos de cada entidad.&nbsp;<\/p>\n\n\n\n<p>El objetivo principal es garantizar que las mujeres tengan acceso&nbsp;a una vida libre de violencia.<\/p>\n\n\n\n<p>A trav\u00e9s de su cuenta de Twitter, S\u00e1nchez Cordero afirm\u00f3 que la reuni\u00f3n fue \u00abde mujeres empoderadas\u00bb.<\/p>\n\n\n\n<p>\u00abVamos&nbsp;a hacer la diferencia con gobernadoras firmes, responsables y exitosas\u00bb, escribi\u00f3 la responsable de la pol\u00edtica interna del pa\u00eds.&nbsp;<\/p>\n\n\n\n<p>Destac\u00f3 que, por primera vez en la historia democr\u00e1tica de M\u00e9xico, la quinta parte del pa\u00eds estar\u00e1 gobernada por mujeres.&nbsp;<\/p>\n\n\n\n<p>\u00abHasta hace muy poco tiempo, los partidos no estaban preparados para tener candidaturas de mujeres a gobernadoras, hoy han vencido las resistencias\u00bb, apunt\u00f3.<\/p>\n\n\n\n<p>La titular de la Segob afirm\u00f3 que las cinco gobernadoras de Morena tienen ante s\u00ed la oportunidad de impulsar una agenda de g\u00e9nero, para fomentar las condiciones que erradiquen la discriminaci\u00f3n por raz\u00f3n de g\u00e9nero.<\/p>\n\n\n\n<p>Entre los compromisos que adquirieron est\u00e1n prevenir, atender, sancionar y erradicar la violencia en contra de las mujeres.<\/p>\n\n\n\n<p>Salgado Pineda y las gobernadoras electas de Morena tambi\u00e9n trabajar\u00e1n para promover igualdad de oportunidades entre mujeres y hombres en todos los \u00e1mbitos de la vida p\u00fablica y privada.<\/p>\n\n\n\n<p>Otro de sus compromisos ser\u00e1&nbsp; fomentar la participaci\u00f3n igualitaria en la vida cultural, pol\u00edtica y econ\u00f3mica del pa\u00eds.<\/p>\n","protected":false},"excerpt":{"rendered":"<p>&#8211; Pactan agenda en favor de las mujeres Ciudad de M\u00e9xico, 30 de junio de 2021. La gobernadora electa de Guerrero, Evelyn Salgado Pineda, particip\u00f3 en un encuentro entre las&hellip; <\/p>\n","protected":false},"author":1,"featured_media":34508,"comment_status":"open","ping_status":"open","sticky":false,"template":"","format":"standard","meta":{"fifu_image_url":"","fifu_image_alt":"","footnotes":""},"categories":[11],"tags":[],"class_list":["post-34507","post","type-post","status-publish","format-standard","has-post-thumbnail","hentry","category-guerrero"],"_links":{"self":[{"href":"https:\/\/www.interaccionnoticias.com.mx\/index.php?rest_route=\/wp\/v2\/posts\/34507","targetHints":{"allow":["GET"]}}],"collection":[{"href":"https:\/\/www.interaccionnoticias.com.mx\/index.php?rest_route=\/wp\/v2\/posts"}],"about":[{"href":"https:\/\/www.interaccionnoticias.com.mx\/index.php?rest_route=\/wp\/v2\/types\/post"}],"author":[{"embeddable":true,"href":"https:\/\/www.interaccionnoticias.com.mx\/index.php?rest_route=\/wp\/v2\/users\/1"}],"replies":[{"embeddable":true,"href":"https:\/\/www.interaccionnoticias.com.mx\/index.php?rest_route=%2Fwp%2Fv2%2Fcomments&post=34507"}],"version-history":[{"count":0,"href":"https:\/\/www.interaccionnoticias.com.mx\/index.php?rest_route=\/wp\/v2\/posts\/34507\/revisions"}],"wp:featuredmedia":[{"embeddable":true,"href":"https:\/\/www.interaccionnoticias.com.mx\/index.php?rest_route=\/wp\/v2\/media\/34508"}],"wp:attachment":[{"href":"https:\/\/www.interaccionnoticias.com.mx\/index.php?rest_route=%2Fwp%2Fv2%2Fmedia&parent=34507"}],"wp:term":[{"taxonomy":"category","embeddable":true,"href":"https:\/\/www.interaccionnoticias.com.mx\/index.php?rest_route=%2Fwp%2Fv2%2Fcategories&post=34507"},{"taxonomy":"post_tag","embeddable":true,"href":"https:\/\/www.interaccionnoticias.com.mx\/index.php?rest_route=%2Fwp%2Fv2%2Ftags&post=34507"}],"curies":[{"name":"wp","href":"https:\/\/api.w.org\/{rel}","templated":true}]}}