{"id":3446,"date":"2017-04-09T18:46:03","date_gmt":"2017-04-09T23:46:03","guid":{"rendered":"http:\/\/www.inter-accion.com.mx\/?p=3446"},"modified":"2017-04-09T18:46:03","modified_gmt":"2017-04-09T23:46:03","slug":"guerrero-la-entidad-menos-pacifica-del-pais-por-cuarta-ocasion","status":"publish","type":"post","link":"https:\/\/www.interaccionnoticias.com.mx\/?p=3446","title":{"rendered":"Guerrero, la entidad menos pac\u00edfica del pa\u00eds, por cuarta ocasi\u00f3n"},"content":{"rendered":"<p>El estado de Guerrero fue colocado por cuarto a\u00f1o consecutivo como la entidad \u201cmenos pac\u00edfica\u201d del pa\u00eds, seg\u00fan el \u00cdndice de Paz en M\u00e9xico 2017.<br \/>\nEl Instituto para la Econom\u00eda y la Paz (IEP), realizador de la evaluaci\u00f3n, se\u00f1ala que en Guerrero \u201cla paz sigue deterior\u00e1ndose\u201d, con una taza de homicidio que aument\u00f3 a 62 por cada 100 mil habitantes, con lo que vuelve a igualar el nivel alcanzado en 2011, que fue considerado el a\u00f1o m\u00e1s violento en la \u00faltima d\u00e9cada.<br \/>\n\u201cGuerrero es el estado menos pac\u00edfico de M\u00e9xico por cuarto a\u00f1o consecutivo, al haber ca\u00eddo de la posici\u00f3n 30 en 2011 a la \u00faltima, la 32, en 2013, donde ha permanecido desde entonces\u201d, se\u00f1ala el documento.<br \/>\nPor otra parte, el Consejo Ciudadano para la Seguridad P\u00fablica y la Justicia Penal A.C., posicion\u00f3 nuevamente al municipio de Acapulco, como la segunda ciudad m\u00e1s violenta del mundo, solo por encima de Caracas, capital de Venezuela.<br \/>\nEn tanto que en el primer semestre de 2016, el Secretariado Ejecutivo del Sistema Nacional de Seguridad P\u00fablica, posicion\u00f3 a Acapulco, Chilpancingo, Iguala, Chilapa, y Zihuatanejo, como las ciudades m\u00e1s violentas a nivel nacional.<\/p>\n","protected":false},"excerpt":{"rendered":"<p>El estado de Guerrero fue colocado por cuarto a\u00f1o consecutivo como la entidad \u201cmenos pac\u00edfica\u201d del pa\u00eds, seg\u00fan el \u00cdndice de Paz en M\u00e9xico 2017. El Instituto para la Econom\u00eda&hellip; <\/p>\n","protected":false},"author":1,"featured_media":0,"comment_status":"open","ping_status":"open","sticky":false,"template":"","format":"standard","meta":{"fifu_image_url":"","fifu_image_alt":"","footnotes":""},"categories":[8,29],"tags":[],"class_list":["post-3446","post","type-post","status-publish","format-standard","hentry","category-featured","category-sociedad"],"_links":{"self":[{"href":"https:\/\/www.interaccionnoticias.com.mx\/index.php?rest_route=\/wp\/v2\/posts\/3446","targetHints":{"allow":["GET"]}}],"collection":[{"href":"https:\/\/www.interaccionnoticias.com.mx\/index.php?rest_route=\/wp\/v2\/posts"}],"about":[{"href":"https:\/\/www.interaccionnoticias.com.mx\/index.php?rest_route=\/wp\/v2\/types\/post"}],"author":[{"embeddable":true,"href":"https:\/\/www.interaccionnoticias.com.mx\/index.php?rest_route=\/wp\/v2\/users\/1"}],"replies":[{"embeddable":true,"href":"https:\/\/www.interaccionnoticias.com.mx\/index.php?rest_route=%2Fwp%2Fv2%2Fcomments&post=3446"}],"version-history":[{"count":0,"href":"https:\/\/www.interaccionnoticias.com.mx\/index.php?rest_route=\/wp\/v2\/posts\/3446\/revisions"}],"wp:attachment":[{"href":"https:\/\/www.interaccionnoticias.com.mx\/index.php?rest_route=%2Fwp%2Fv2%2Fmedia&parent=3446"}],"wp:term":[{"taxonomy":"category","embeddable":true,"href":"https:\/\/www.interaccionnoticias.com.mx\/index.php?rest_route=%2Fwp%2Fv2%2Fcategories&post=3446"},{"taxonomy":"post_tag","embeddable":true,"href":"https:\/\/www.interaccionnoticias.com.mx\/index.php?rest_route=%2Fwp%2Fv2%2Ftags&post=3446"}],"curies":[{"name":"wp","href":"https:\/\/api.w.org\/{rel}","templated":true}]}}